{"id":10465,"date":"2024-11-08T15:10:00","date_gmt":"2024-11-08T14:10:00","guid":{"rendered":"https:\/\/wurzelkinder-uebersee.de\/?p=10465"},"modified":"2025-02-06T15:14:13","modified_gmt":"2025-02-06T14:14:13","slug":"st-martin-st-martin-st-martin","status":"publish","type":"post","link":"https:\/\/wurzelkinder-uebersee.de\/?p=10465","title":{"rendered":"\u201eSt Martin, St Martin, St Martin\u2026"},"content":{"rendered":"\n<p>ritt durch Schnee und Wind\u2026\u201c am Freitag, den 08.Nov.2024 im \u201eWurzelkinderwald\u201c.<\/p>\n\n\n\n<p>In den vergangenen Wochen waren die \u201eWurzelkinder\u201c eifrig dabei ein weiteres Fenster ihrer immerw\u00e4hrenden Holzlaterne mit einem neuen Motiv zu gestalten.<\/p>\n\n\n\n<p>Ganz stolz und vorsichtig durften die M\u00e4use ihre Laternen zum Leuchten bringen und sich vorsichtig vor dem Festtag im Morgenkreis schon mal darauf einstimmen.<\/p>\n\n\n\n<p>Wie in den letzten Jahren waren die Kinder motiviert die Martinsgeschichte selbst zu spielen und in eine Rolle zu schl\u00fcpfen. Jedes Jahr aufs Neue spannend und aufregend, wer sich f\u00fcr welche Rolle entscheiden wird. Entstehen wieder neue Ideen durch die Kinder? Werden die Strophen des bekannten \u201eSt.Martin\u201c-Liedes erneut um eine weitere Strophe erg\u00e4nzt?<\/p>\n\n\n\n<p>Wir waren alle sehr gespannt\u2026Gro\u00df und Klein!<\/p>\n\n\n\n<p>Und tats\u00e4chlich der Bettler wurde von einem kleinen K\u00e4tzchen aufgesucht und gew\u00e4rmt. Und die bisherigen Menschen, die den armen Mann erst nicht beachteten, waren in diesem Jahr eine Bauersfrau mit ihrer friedlichen Kuh. Die Rolle des Mondes war auch nicht wegzudenken sowie die leuchtenden Sterne, die wirbelnden Schneeflocken und nat\u00fcrlich die schnatternden G\u00e4nse und das \u201elebendige\u201c Stadttor.<\/p>\n\n\n\n<p>Tja, und St Martin teilte nicht nur den Mantel mit dem Schwert, sondern auch seine Rolle mit 3 weiteren St Martins und ihren Pferden.<\/p>\n\n\n\n<p>Alle Wurzelkinder waren aufgeregt und voller Vorfreude auf das Fest.<\/p>\n\n\n\n<p>Wir trafen uns am Bringplatz und zogen ganz and\u00e4chtig mit unseren Laternen und \u201eIch geh mit meiner Laterne\u201c zum Schwammerlplatz.<\/p>\n\n\n\n<p>Lichtergl\u00e4ser leuchteten den Weg dorthin und lie\u00dfen den Weg geheimnisvoll wirken und uns staunen.<\/p>\n\n\n\n<p>Nach einer allgemeinen Begr\u00fc\u00dfung von Kindergartenleitung Anja sangen wir zur Einstimmung \u201eIn meiner Latern\u201c und hie\u00dfen die Familien und G\u00e4ste zu unserem Martinsspiel \u201eherzlich Willkommen\u201c. Die Auff\u00fchrung war wundervoll und die Kinder bezauberten in ihren Kost\u00fcmen und ihrer gro\u00dfen Freude und Aufmerksamkeit dabei.<\/p>\n\n\n\n<p>Zum herzlichen Applaus der G\u00e4ste wurden den Kindern wieder gebackene Martinsg\u00e4nse \u00fcberreicht, die unser Herr B\u00fcrgermeister Herbert Strauch f\u00fcr sie und Geschwisterkinder gespendet hatte.<\/p>\n\n\n\n<p>Vielen herzlichen Dank!<\/p>\n\n\n\n<p>Mit Lichterketten beh\u00e4ngt, leuchteten die Kinder so zauberhaft wie ihre Laternen und huschten geheimnisvoll durch den Wald.<\/p>\n\n\n\n<p>Das Fest fand bei leckerem Kinderpunsch vom Beirat und Knabbereien der Familien seinen Ausklang im \u201eWurzelkinderwald\u201c. Auch hier ein gro\u00dfes Dankesch\u00f6n.<\/p>\n","protected":false},"excerpt":{"rendered":"<p>ritt durch Schnee und Wind\u2026\u201c am Freitag, den 08.Nov.2024 im \u201eWurzelkinderwald\u201c. In den vergangenen Wochen waren die \u201eWurzelkinder\u201c eifrig dabei ein weiteres Fenster ihrer immerw\u00e4hrenden Holzlaterne mit einem neuen Motiv zu gestalten. Ganz stolz und vorsichtig durften die M\u00e4use ihre Laternen zum Leuchten bringen und sich vorsichtig vor dem Festtag im Morgenkreis schon mal darauf &hellip; <a href=\"https:\/\/wurzelkinder-uebersee.de\/?p=10465\" class=\"more-link\"><span class=\"screen-reader-text\">\u201eSt Martin, St Martin, St Martin\u2026<\/span> weiterlesen<\/a><\/p>\n","protected":false},"author":3,"featured_media":10466,"comment_status":"closed","ping_status":"closed","sticky":false,"template":"","format":"standard","meta":{"ngg_post_thumbnail":0},"categories":[4],"tags":[],"_links":{"self":[{"href":"https:\/\/wurzelkinder-uebersee.de\/index.php?rest_route=\/wp\/v2\/posts\/10465"}],"collection":[{"href":"https:\/\/wurzelkinder-uebersee.de\/index.php?rest_route=\/wp\/v2\/posts"}],"about":[{"href":"https:\/\/wurzelkinder-uebersee.de\/index.php?rest_route=\/wp\/v2\/types\/post"}],"author":[{"embeddable":true,"href":"https:\/\/wurzelkinder-uebersee.de\/index.php?rest_route=\/wp\/v2\/users\/3"}],"replies":[{"embeddable":true,"href":"https:\/\/wurzelkinder-uebersee.de\/index.php?rest_route=%2Fwp%2Fv2%2Fcomments&post=10465"}],"version-history":[{"count":1,"href":"https:\/\/wurzelkinder-uebersee.de\/index.php?rest_route=\/wp\/v2\/posts\/10465\/revisions"}],"predecessor-version":[{"id":10467,"href":"https:\/\/wurzelkinder-uebersee.de\/index.php?rest_route=\/wp\/v2\/posts\/10465\/revisions\/10467"}],"wp:featuredmedia":[{"embeddable":true,"href":"https:\/\/wurzelkinder-uebersee.de\/index.php?rest_route=\/wp\/v2\/media\/10466"}],"wp:attachment":[{"href":"https:\/\/wurzelkinder-uebersee.de\/index.php?rest_route=%2Fwp%2Fv2%2Fmedia&parent=10465"}],"wp:term":[{"taxonomy":"category","embeddable":true,"href":"https:\/\/wurzelkinder-uebersee.de\/index.php?rest_route=%2Fwp%2Fv2%2Fcategories&post=10465"},{"taxonomy":"post_tag","embeddable":true,"href":"https:\/\/wurzelkinder-uebersee.de\/index.php?rest_route=%2Fwp%2Fv2%2Ftags&post=10465"}],"curies":[{"name":"wp","href":"https:\/\/api.w.org\/{rel}","templated":true}]}}