{"id":10468,"date":"2024-12-06T15:16:00","date_gmt":"2024-12-06T14:16:00","guid":{"rendered":"https:\/\/wurzelkinder-uebersee.de\/?p=10468"},"modified":"2025-02-06T15:17:07","modified_gmt":"2025-02-06T14:17:07","slug":"der-nikolaus-im-waldkindergarten-die-wurzelkinder-e-v","status":"publish","type":"post","link":"https:\/\/wurzelkinder-uebersee.de\/?p=10468","title":{"rendered":"Der Nikolaus im Waldkindergarten \u201eDie Wurzelkinder e.V.\u201c"},"content":{"rendered":"\n<p>Schon lange, bevor uns der Nikolaus im Kindergarten besuchen kam, herrschte gesch\u00e4ftiges Treiben in den beiden Kindergartengruppen. Wir h\u00f6rten Geschichten \u00fcber den Nikolaus und \u00fcbten flei\u00dfig Nikolauslieder.<\/p>\n\n\n\n<p>Jede Gruppe \u00fcbte noch eine spezielle \u00dcberraschung f\u00fcr den Nikolaus ein. Die M\u00e4use das Bewegungsgedicht \u201eWer stapft denn da durch Eis und Schnee?\u201c und die H\u00f6rnchen das Gedicht \u201eA Geschenk f\u00fcr\u00b4n Nikolaus\u201c.<\/p>\n\n\n\n<p>Eigentlich wollte der Nikolaus am 06.Dezember uns im Wald besuchen kommen. Doch oje, der \u201eWetterfrosch\u201c hatte sich entschieden kein passendes Wetter daf\u00fcr zu bestellen. Regen und st\u00fcrmisch, nein, bei so einem Wetter hatte selbst der Nikolaus keine Lust auf \u201eDrau\u00dfen sein\u201c.<\/p>\n\n\n\n<p>Was dann? So entschied er sich am Nachmittag des 05.12.24 bereits zu kommen. Vormittags gab es noch eine Gereralprobe f\u00fcr die Auff\u00fchrungen. Anschlie\u00dfend verteilte \u201eH\u00f6rnchen\u201c-Andreas selbstgebackenen Lebkuchen an die \u201eM\u00e4use und H\u00f6rnchen\u201c. Und zur Brotzeit gab es Punsch zum Aufw\u00e4rmen vom Elternbeirat. Vielen herzlichen Dank.<\/p>\n\n\n\n<p>Nachmittags kamen die Kinder mit Lichterketten geschm\u00fcckt in den Wald. Unsere Kreismitte war mit Zweigen, Moos und Kerzen dekoriert. Man sp\u00fcrte f\u00f6rmlich die Aufregung in der Luft. Als alle da waren und ihren Platz gefunden hatten, lockten wir den Nikolaus mit dem Lied \u201eLasst uns froh und munter sein\u201c an.<\/p>\n\n\n\n<p>Und tats\u00e4chlich, bald schon sah man den Nikolaus langsam und w\u00fcrdevoll durch den Wald zu uns schreiten. Bei D\u00e4mmerstimmung und Lichterglanz. Er berichtete uns von seinem Weg und fragte dann auch bald nach, ob die Kinder, denn etwas f\u00fcr ihn vorbereitet h\u00e4tten.<\/p>\n\n\n\n<p>Nat\u00fcrlich hatten sie das! Die M\u00e4use standen auf und begannen mit ihrem Bewegungsgedicht. Der Nikolaus war sehr begeistert, wie gut die M\u00e4use das gemacht haben! Anschlie\u00dfend durften sie in kleinen Gr\u00fcppchen zum Nikolaus vorgehen und seinen langen, goldenen Stab halten. W\u00e4hrenddessen verlas der Nikolaus aus seinem goldenen Buch, was es \u00fcber die Kinder zu berichten gab.<\/p>\n\n\n\n<p>Nun waren die H\u00f6rnchen an der Reihe. Sie f\u00fchrten ihr Gedicht auf und der Nikolaus staunte nicht schlecht, dass die H\u00f6rnchen ihn w\u00e4hrenddessen auf einen sch\u00f6nen Stuhl sitzen lie\u00dfen, ihm eine Kerze anz\u00fcndeten und ihm zum Schluss noch Zweige mit selbstgebastelten Sternen \u00fcberreichten.<\/p>\n\n\n\n<p>Danach sangen alle M\u00e4use und alle H\u00f6rnchen dem Nikolaus das Lied \u201eSeid still- psst, psst\u2026\u201c, welches mit Gitarre begleitet wurde.<\/p>\n\n\n\n<p>Jetzt durften die H\u00f6rnchen in Gr\u00fcppchen nach vorne treten und den Stab in Empfang nehmen. Auch \u00fcber die H\u00f6rnchen wusste der Nikolaus so einiges unterhaltsames und lobenswertes zu berichten. Doch irgendetwas fehlte noch\u2026 Ja richtig, die Geschenke! Der Nikolaus hatte zwei gro\u00dfe S\u00e4cke dabei. Einen f\u00fcr die M\u00e4use und einen f\u00fcr die H\u00f6rnchen. Jedes Kind bekam ein kleines Nikolaussackerl mit nach Hause.<\/p>\n\n\n\n<p>Nachdem wir noch ein Gruppenfoto mit dem Nikolaus gemacht hatten, verabschiedeten wir ihn wieder und er stapfte zur\u00fcck, von dort wo er gekommen war.<\/p>\n","protected":false},"excerpt":{"rendered":"<p>Schon lange, bevor uns der Nikolaus im Kindergarten besuchen kam, herrschte gesch\u00e4ftiges Treiben in den beiden Kindergartengruppen. Wir h\u00f6rten Geschichten \u00fcber den Nikolaus und \u00fcbten flei\u00dfig Nikolauslieder. Jede Gruppe \u00fcbte noch eine spezielle \u00dcberraschung f\u00fcr den Nikolaus ein. Die M\u00e4use das Bewegungsgedicht \u201eWer stapft denn da durch Eis und Schnee?\u201c und die H\u00f6rnchen das Gedicht &hellip; <a href=\"https:\/\/wurzelkinder-uebersee.de\/?p=10468\" class=\"more-link\"><span class=\"screen-reader-text\">Der Nikolaus im Waldkindergarten \u201eDie Wurzelkinder e.V.\u201c<\/span> weiterlesen<\/a><\/p>\n","protected":false},"author":3,"featured_media":10469,"comment_status":"closed","ping_status":"closed","sticky":false,"template":"","format":"standard","meta":{"ngg_post_thumbnail":0},"categories":[4],"tags":[],"_links":{"self":[{"href":"https:\/\/wurzelkinder-uebersee.de\/index.php?rest_route=\/wp\/v2\/posts\/10468"}],"collection":[{"href":"https:\/\/wurzelkinder-uebersee.de\/index.php?rest_route=\/wp\/v2\/posts"}],"about":[{"href":"https:\/\/wurzelkinder-uebersee.de\/index.php?rest_route=\/wp\/v2\/types\/post"}],"author":[{"embeddable":true,"href":"https:\/\/wurzelkinder-uebersee.de\/index.php?rest_route=\/wp\/v2\/users\/3"}],"replies":[{"embeddable":true,"href":"https:\/\/wurzelkinder-uebersee.de\/index.php?rest_route=%2Fwp%2Fv2%2Fcomments&post=10468"}],"version-history":[{"count":1,"href":"https:\/\/wurzelkinder-uebersee.de\/index.php?rest_route=\/wp\/v2\/posts\/10468\/revisions"}],"predecessor-version":[{"id":10470,"href":"https:\/\/wurzelkinder-uebersee.de\/index.php?rest_route=\/wp\/v2\/posts\/10468\/revisions\/10470"}],"wp:featuredmedia":[{"embeddable":true,"href":"https:\/\/wurzelkinder-uebersee.de\/index.php?rest_route=\/wp\/v2\/media\/10469"}],"wp:attachment":[{"href":"https:\/\/wurzelkinder-uebersee.de\/index.php?rest_route=%2Fwp%2Fv2%2Fmedia&parent=10468"}],"wp:term":[{"taxonomy":"category","embeddable":true,"href":"https:\/\/wurzelkinder-uebersee.de\/index.php?rest_route=%2Fwp%2Fv2%2Fcategories&post=10468"},{"taxonomy":"post_tag","embeddable":true,"href":"https:\/\/wurzelkinder-uebersee.de\/index.php?rest_route=%2Fwp%2Fv2%2Ftags&post=10468"}],"curies":[{"name":"wp","href":"https:\/\/api.w.org\/{rel}","templated":true}]}}