{"id":12512,"date":"2026-02-25T00:00:00","date_gmt":"2026-02-24T23:00:00","guid":{"rendered":"https:\/\/wurzelkinder-uebersee.de\/?p=12512"},"modified":"2026-02-25T00:38:44","modified_gmt":"2026-02-24T23:38:44","slug":"der-nikolaus-im-waldkindergarten-die-wurzelkinder-e-v-1-2-3","status":"publish","type":"post","link":"https:\/\/wurzelkinder-uebersee.de\/?p=12512","title":{"rendered":"Hey ho, die Wurzelzwergal kommen? &#8220;\u2026"},"content":{"rendered":"\n<p>bist du 2 -3 Jahre alt? Und m\u00f6chtest du an 3 -4 Tagen in der Woche \u00a0den \u201eWurzelkinder&#8221;-Wald am Westerbuchberg in der Wessenerstr. 17 in \u00dcbersee entdecken? <\/p>\n\n\n\n<p>Mit einer kleinen \u201eWurzelzwergerl&#8221;-Gruppe, von ca.\u00a0 8.45 &#8211; 12.15 Uhr ganzj\u00e4hrig?<\/p>\n\n\n\n<p>Wir w\u00fcrden uns im Morgenkreis begr\u00fc\u00dfen, gemeinsam brotzeiteln, spielen, singen, die Natur entdecken und sicherlich viel Spa\u00df dabeihaben.<\/p>\n\n\n\n<p>Hast du Lust und Interesse dazu bekommen?<\/p>\n\n\n\n<p>Dann melde dich doch gerne <strong><u>unverbindlich<\/u><\/strong> bei unserer Leitung Anja Bl\u00f6sl (unter <strong>0176 &#8211; 45 89 58 99<\/strong>) oder Vorstand Carola Schaffer <strong>0179-788 73 57<\/strong>) oder per Email (<a href=\"mailto:leitung@wurzelkinder-uebersee.de\">leitung@wurzelkinder-uebersee.de<\/a> oder <a href=\"mailto:vorstand@wurzelkinder-uebersee.de\">vorstand@wurzelkinder-uebersee.de<\/a> ), damit wir nach m\u00f6glichem Bedarf wieder eine kleine \u201eWaldspielgruppe&#8221; stattfinden lassen k\u00f6nnten.<\/p>\n\n\n\n<p>Wir w\u00fcrden uns freuen dich kennenzulernen!<\/p>\n\n\n\n<p>Viele liebe Gr\u00fc\u00dfe von den \u201eWurzelh\u00f6rnchen\u201c und \u201eWurzelm\u00e4usen\u201c<\/p>\n","protected":false},"excerpt":{"rendered":"<p>bist du 2 -3 Jahre alt? Und m\u00f6chtest du an 3 -4 Tagen in der Woche \u00a0den \u201eWurzelkinder&#8221;-Wald am Westerbuchberg in der Wessenerstr. 17 in \u00dcbersee entdecken? Mit einer kleinen \u201eWurzelzwergerl&#8221;-Gruppe, von ca.\u00a0 8.45 &#8211; 12.15 Uhr ganzj\u00e4hrig? Wir w\u00fcrden uns im Morgenkreis begr\u00fc\u00dfen, gemeinsam brotzeiteln, spielen, singen, die Natur entdecken und sicherlich viel Spa\u00df &hellip; <a href=\"https:\/\/wurzelkinder-uebersee.de\/?p=12512\" class=\"more-link\"><span class=\"screen-reader-text\">Hey ho, die Wurzelzwergal kommen? &#8220;\u2026<\/span> weiterlesen<\/a><\/p>\n","protected":false},"author":1,"featured_media":12514,"comment_status":"closed","ping_status":"closed","sticky":false,"template":"","format":"standard","meta":{"ngg_post_thumbnail":0},"categories":[4],"tags":[],"_links":{"self":[{"href":"https:\/\/wurzelkinder-uebersee.de\/index.php?rest_route=\/wp\/v2\/posts\/12512"}],"collection":[{"href":"https:\/\/wurzelkinder-uebersee.de\/index.php?rest_route=\/wp\/v2\/posts"}],"about":[{"href":"https:\/\/wurzelkinder-uebersee.de\/index.php?rest_route=\/wp\/v2\/types\/post"}],"author":[{"embeddable":true,"href":"https:\/\/wurzelkinder-uebersee.de\/index.php?rest_route=\/wp\/v2\/users\/1"}],"replies":[{"embeddable":true,"href":"https:\/\/wurzelkinder-uebersee.de\/index.php?rest_route=%2Fwp%2Fv2%2Fcomments&post=12512"}],"version-history":[{"count":2,"href":"https:\/\/wurzelkinder-uebersee.de\/index.php?rest_route=\/wp\/v2\/posts\/12512\/revisions"}],"predecessor-version":[{"id":12516,"href":"https:\/\/wurzelkinder-uebersee.de\/index.php?rest_route=\/wp\/v2\/posts\/12512\/revisions\/12516"}],"wp:featuredmedia":[{"embeddable":true,"href":"https:\/\/wurzelkinder-uebersee.de\/index.php?rest_route=\/wp\/v2\/media\/12514"}],"wp:attachment":[{"href":"https:\/\/wurzelkinder-uebersee.de\/index.php?rest_route=%2Fwp%2Fv2%2Fmedia&parent=12512"}],"wp:term":[{"taxonomy":"category","embeddable":true,"href":"https:\/\/wurzelkinder-uebersee.de\/index.php?rest_route=%2Fwp%2Fv2%2Fcategories&post=12512"},{"taxonomy":"post_tag","embeddable":true,"href":"https:\/\/wurzelkinder-uebersee.de\/index.php?rest_route=%2Fwp%2Fv2%2Ftags&post=12512"}],"curies":[{"name":"wp","href":"https:\/\/api.w.org\/{rel}","templated":true}]}}