{"id":12524,"date":"2026-02-24T00:00:00","date_gmt":"2026-02-23T23:00:00","guid":{"rendered":"https:\/\/wurzelkinder-uebersee.de\/?p=12524"},"modified":"2026-02-25T01:01:20","modified_gmt":"2026-02-25T00:01:20","slug":"der-nikolaus-im-waldkindergarten-die-wurzelkinder-e-v-1-2-3-4","status":"publish","type":"post","link":"https:\/\/wurzelkinder-uebersee.de\/?p=12524","title":{"rendered":"Die Wurzelkinder freuen sich \u00fcber neue Vereinskarte!"},"content":{"rendered":"\n<p><strong>Waldkindergarten sagt Danke an Edeka Waltner<\/strong><\/p>\n\n\n\n<p>Am 13. Februar 2026 fand im Edeka-Markt Waltner eine besondere \u00dcbergabe statt: Der Waldkindergarten \u201eDie Wurzelkinder\u201c erhielt von Edeka-Gesch\u00e4ftsf\u00fchrer Nicolas Waltner die neuen Vereinskarten f\u00fcr alle Mitglieder. Zur \u00dcbergabe kamen die Vorst\u00e4nde Katha Sandmeyer (2. Vorstand), Martina Enzwieser (Kassiererin) und Carola Schaffer (1. Vorstand) pers\u00f6nlich vorbei und bedankten sich herzlich bei Herrn Waltner f\u00fcr die gro\u00dfz\u00fcgige Unterst\u00fctzung.<\/p>\n\n\n\n<p>Die Vereinskarte ist ab sofort f\u00fcr alle Mitglieder des Vereins nutzbar. Bei jedem Einkauf im Edeka Waltner k\u00f6nnt ihr die Karte vorzeigen und so den Verein unterst\u00fctzen: 1 % des Einkaufswerts wird dem Vereinskonto gutgeschrieben. Die gesammelten Betr\u00e4ge werden einmal j\u00e4hrlich von Edeka Waltner an den Verein ausbezahlt und kommen direkt den Kindern und Projekten des Waldkindergartens zugute.<\/p>\n\n\n\n<p>Der Waldkindergarten bedankt sich ganz herzlich f\u00fcr diese tolle Aktion und die wertvolle Partnerschaft mit Edeka Waltner. So wird gemeinsames Engagement f\u00fcr die Kinder und Vereine in unserer Gemeinde m\u00f6glich gemacht.<\/p>\n\n\n\n<p>( Foto: Von links nach rechts Nicolas Waltner, Carola Schaffer, Katha Sandmeyer, Martina Enzwieser)<\/p>\n","protected":false},"excerpt":{"rendered":"<p>Waldkindergarten sagt Danke an Edeka Waltner Am 13. Februar 2026 fand im Edeka-Markt Waltner eine besondere \u00dcbergabe statt: Der Waldkindergarten \u201eDie Wurzelkinder\u201c erhielt von Edeka-Gesch\u00e4ftsf\u00fchrer Nicolas Waltner die neuen Vereinskarten f\u00fcr alle Mitglieder. Zur \u00dcbergabe kamen die Vorst\u00e4nde Katha Sandmeyer (2. Vorstand), Martina Enzwieser (Kassiererin) und Carola Schaffer (1. Vorstand) pers\u00f6nlich vorbei und bedankten sich &hellip; <a href=\"https:\/\/wurzelkinder-uebersee.de\/?p=12524\" class=\"more-link\"><span class=\"screen-reader-text\">Die Wurzelkinder freuen sich \u00fcber neue Vereinskarte!<\/span> weiterlesen<\/a><\/p>\n","protected":false},"author":1,"featured_media":12526,"comment_status":"closed","ping_status":"closed","sticky":false,"template":"","format":"standard","meta":{"ngg_post_thumbnail":0},"categories":[4],"tags":[],"_links":{"self":[{"href":"https:\/\/wurzelkinder-uebersee.de\/index.php?rest_route=\/wp\/v2\/posts\/12524"}],"collection":[{"href":"https:\/\/wurzelkinder-uebersee.de\/index.php?rest_route=\/wp\/v2\/posts"}],"about":[{"href":"https:\/\/wurzelkinder-uebersee.de\/index.php?rest_route=\/wp\/v2\/types\/post"}],"author":[{"embeddable":true,"href":"https:\/\/wurzelkinder-uebersee.de\/index.php?rest_route=\/wp\/v2\/users\/1"}],"replies":[{"embeddable":true,"href":"https:\/\/wurzelkinder-uebersee.de\/index.php?rest_route=%2Fwp%2Fv2%2Fcomments&post=12524"}],"version-history":[{"count":1,"href":"https:\/\/wurzelkinder-uebersee.de\/index.php?rest_route=\/wp\/v2\/posts\/12524\/revisions"}],"predecessor-version":[{"id":12525,"href":"https:\/\/wurzelkinder-uebersee.de\/index.php?rest_route=\/wp\/v2\/posts\/12524\/revisions\/12525"}],"wp:featuredmedia":[{"embeddable":true,"href":"https:\/\/wurzelkinder-uebersee.de\/index.php?rest_route=\/wp\/v2\/media\/12526"}],"wp:attachment":[{"href":"https:\/\/wurzelkinder-uebersee.de\/index.php?rest_route=%2Fwp%2Fv2%2Fmedia&parent=12524"}],"wp:term":[{"taxonomy":"category","embeddable":true,"href":"https:\/\/wurzelkinder-uebersee.de\/index.php?rest_route=%2Fwp%2Fv2%2Fcategories&post=12524"},{"taxonomy":"post_tag","embeddable":true,"href":"https:\/\/wurzelkinder-uebersee.de\/index.php?rest_route=%2Fwp%2Fv2%2Ftags&post=12524"}],"curies":[{"name":"wp","href":"https:\/\/api.w.org\/{rel}","templated":true}]}}