{"id":164,"date":"2015-05-24T12:00:51","date_gmt":"2015-05-24T10:00:51","guid":{"rendered":"http:\/\/wurzelkinder-uebersee.de\/?p=164"},"modified":"2016-09-18T13:11:36","modified_gmt":"2016-09-18T11:11:36","slug":"besuch-beim-imker","status":"publish","type":"post","link":"https:\/\/wurzelkinder-uebersee.de\/?p=164","title":{"rendered":"Besuch beim Imker"},"content":{"rendered":"<p>In den letzten Wochen drehte sich bei den Wurzelkindern des Waldkindergartens \u00dcbersee alles um die Honigbienen. Beim Aufstieg zum Westerbuchberg wandern die Kinder t\u00e4glich am Bienenhaus des Imkers Hans Thullner aus \u00dcbersee vorbei. So wurde bei den Kindern das Interesse am Leben der Honigbiene geweckt. Zun\u00e4chst vermittelten die Erzieherinnen anhand von Sachb\u00fcchern, Anschauungsmaterialien und Gespr\u00e4chen den Wurzelkindern das Basiswissen \u00fcber das hoch interessante Leben der Honigbiene.<\/p>\n<p>Einige Tage sp\u00e4ter erlebten die Kinder dann unter Anleitung des Imkers Hans Thullner hautnah, wie die Hierarchie eines Bienenvolkes funktioniert und dass jedes Tier bestimmte Aufgaben hat. Sie beobachteten das emsige Treiben der Arbeiterbienen beim Bau der Waben und f\u00fcttern der Eier, erfuhren wie die W\u00e4chterbienen das Flugloch bewachen, wie sie sich vor Feinden sch\u00fctzen und gegenseitig durch Duftstoffe verst\u00e4ndigen. Der Imker erkl\u00e4rte auch, dass Bienen neben der Honigproduktion extrem wichtig f\u00fcr die Best\u00e4ubung der Obstb\u00e4ume sind und wie sich der Mensch den Tieren gegen\u00fcber verhalten muss, um nicht gestochen zu werden, denn dies tun Bienen nur, wenn sie sich bedroht f\u00fchlen.<\/p>\n<p>Im Rahmen des Bienenprojektes stand auch ein Besuch beim Imker Martin Hei\u00df aus Rottau an, dessen Tochter im Waldkindergarten \u00dcbersee ein Praktikum absolvierte. Martin Hei\u00df vertiefte das Thema anhand eines Schaukastens, in dem die Kinder die Arbeit der Bienen mit K\u00f6nigin beobachten konnten. Die m\u00e4nnlichen Drohnen, die keinen Stachel besitzen, durften die Kinder sogar auf ihrer Hand halten und streicheln. Manche Kinder schl\u00fcpften auch einmal in den Schutzanzug des Imkers, lernten dessen Utensilien kennen und erfuhren alles \u00fcber die T\u00e4tigkeitsbereiche des Imkers. Nachdem die Kinder fast eine Stunde konzentriert und aufmerksam geh\u00f6rt, gestaunt und gelernt hatten, bekamen alle eine leckere Honigsemmel aus eigener Herstellung der Familie Hei\u00df. Anna Hei\u00df, die Praktikantin im Waldkindergarten, gestaltete f\u00fcr die Wurzelkinder ein tolles Insektenhotel, das sie in ihren Wald mitnehmen durften.<\/p>\n<p>Die Wurzelkinder sowie deren Eltern und Erzieherinnen bedanken sich sehr herzlich bei Hans Thullner und der Familie Hei\u00df f\u00fcr die anschauliche Bienenkunde die beiden tollen Vormittage!<\/p>\n<div id='gallery-1' class='gallery galleryid-164 gallery-columns-3 gallery-size-thumbnail'><figure class='gallery-item'>\n\t\t\t<div class='gallery-icon portrait'>\n\t\t\t\t<a href='https:\/\/wurzelkinder-uebersee.de\/?attachment_id=169'><img width=\"150\" height=\"150\" src=\"https:\/\/wurzelkinder-uebersee.de\/wp-content\/uploads\/2015\/05\/Wurzelkind_mit_Drohne_auf_der_Hand-150x150.jpg\" class=\"attachment-thumbnail size-thumbnail\" alt=\"\" loading=\"lazy\" \/><\/a>\n\t\t\t<\/div><\/figure><figure class='gallery-item'>\n\t\t\t<div class='gallery-icon landscape'>\n\t\t\t\t<a href='https:\/\/wurzelkinder-uebersee.de\/?attachment_id=168'><img width=\"150\" height=\"150\" src=\"https:\/\/wurzelkinder-uebersee.de\/wp-content\/uploads\/2015\/05\/ImkerGruppenbild_pixel-150x150.jpg\" class=\"attachment-thumbnail size-thumbnail\" alt=\"\" loading=\"lazy\" \/><\/a>\n\t\t\t<\/div><\/figure><figure class='gallery-item'>\n\t\t\t<div class='gallery-icon landscape'>\n\t\t\t\t<a href='https:\/\/wurzelkinder-uebersee.de\/?attachment_id=167'><img width=\"150\" height=\"150\" src=\"https:\/\/wurzelkinder-uebersee.de\/wp-content\/uploads\/2015\/05\/Honig_direkt_aus_den_Waben-150x150.jpg\" class=\"attachment-thumbnail size-thumbnail\" alt=\"\" loading=\"lazy\" \/><\/a>\n\t\t\t<\/div><\/figure><figure class='gallery-item'>\n\t\t\t<div class='gallery-icon landscape'>\n\t\t\t\t<a href='https:\/\/wurzelkinder-uebersee.de\/?attachment_id=166'><img width=\"150\" height=\"150\" src=\"https:\/\/wurzelkinder-uebersee.de\/wp-content\/uploads\/2015\/05\/Drohne_auf_der_Hand_eines_Wurzelkindes1-150x150.jpg\" class=\"attachment-thumbnail size-thumbnail\" alt=\"\" loading=\"lazy\" \/><\/a>\n\t\t\t<\/div><\/figure>\n\t\t<\/div>\n\n","protected":false},"excerpt":{"rendered":"<p>In den letzten Wochen drehte sich bei den Wurzelkindern des Waldkindergartens \u00dcbersee alles um die Honigbienen. Beim Aufstieg zum Westerbuchberg wandern die Kinder t\u00e4glich am Bienenhaus des Imkers Hans Thullner aus \u00dcbersee vorbei. So wurde bei den Kindern das Interesse am Leben der Honigbiene geweckt. Zun\u00e4chst vermittelten die Erzieherinnen anhand von Sachb\u00fcchern, Anschauungsmaterialien und Gespr\u00e4chen &hellip; <a href=\"https:\/\/wurzelkinder-uebersee.de\/?p=164\" class=\"more-link\"><span class=\"screen-reader-text\">Besuch beim Imker<\/span> weiterlesen<\/a><\/p>\n","protected":false},"author":1,"featured_media":165,"comment_status":"closed","ping_status":"closed","sticky":false,"template":"","format":"gallery","meta":{"ngg_post_thumbnail":0},"categories":[4],"tags":[],"_links":{"self":[{"href":"https:\/\/wurzelkinder-uebersee.de\/index.php?rest_route=\/wp\/v2\/posts\/164"}],"collection":[{"href":"https:\/\/wurzelkinder-uebersee.de\/index.php?rest_route=\/wp\/v2\/posts"}],"about":[{"href":"https:\/\/wurzelkinder-uebersee.de\/index.php?rest_route=\/wp\/v2\/types\/post"}],"author":[{"embeddable":true,"href":"https:\/\/wurzelkinder-uebersee.de\/index.php?rest_route=\/wp\/v2\/users\/1"}],"replies":[{"embeddable":true,"href":"https:\/\/wurzelkinder-uebersee.de\/index.php?rest_route=%2Fwp%2Fv2%2Fcomments&post=164"}],"version-history":[{"count":3,"href":"https:\/\/wurzelkinder-uebersee.de\/index.php?rest_route=\/wp\/v2\/posts\/164\/revisions"}],"predecessor-version":[{"id":172,"href":"https:\/\/wurzelkinder-uebersee.de\/index.php?rest_route=\/wp\/v2\/posts\/164\/revisions\/172"}],"wp:featuredmedia":[{"embeddable":true,"href":"https:\/\/wurzelkinder-uebersee.de\/index.php?rest_route=\/wp\/v2\/media\/165"}],"wp:attachment":[{"href":"https:\/\/wurzelkinder-uebersee.de\/index.php?rest_route=%2Fwp%2Fv2%2Fmedia&parent=164"}],"wp:term":[{"taxonomy":"category","embeddable":true,"href":"https:\/\/wurzelkinder-uebersee.de\/index.php?rest_route=%2Fwp%2Fv2%2Fcategories&post=164"},{"taxonomy":"post_tag","embeddable":true,"href":"https:\/\/wurzelkinder-uebersee.de\/index.php?rest_route=%2Fwp%2Fv2%2Ftags&post=164"}],"curies":[{"name":"wp","href":"https:\/\/api.w.org\/{rel}","templated":true}]}}