{"id":175,"date":"2015-05-24T12:23:43","date_gmt":"2015-05-24T10:23:43","guid":{"rendered":"http:\/\/wurzelkinder-uebersee.de\/?p=175"},"modified":"2016-09-18T13:11:22","modified_gmt":"2016-09-18T11:11:22","slug":"pflanzaktion-in-der-gaertnerei-am-westerbuchberg","status":"publish","type":"post","link":"https:\/\/wurzelkinder-uebersee.de\/?p=175","title":{"rendered":"Pflanzaktion in der G\u00e4rtnerei am Westerbuchberg"},"content":{"rendered":"<p>Die Wurzelkinder des Waldkindergartens \u00dcbersee wandern bei ihrem Aufstieg zum Westerbuchberg t\u00e4glich an der Biog\u00e4rtnerei des Martin Sichler vorbei. So erleben sie aus n\u00e4chster N\u00e4he das Pflanzen, Wachsen und Ernten verschiedener Obst und Gem\u00fcsesorten. Bedingt durch diese idealen Voraussetzungen bieten sich gemeinsame Aktivit\u00e4ten hervorragend an.<\/p>\n<p>Der Biog\u00e4rtner Martin Sichler braucht im Fr\u00fchjahr viele flei\u00dfige H\u00e4nde f\u00fcr seine Aussaat und nachdem Kinder mit Leidenschaft in der Erde graben, von Natur aus wissbegierig und neugierig sind, waren alle mit Begeisterung bei der Sache. Mit viel Geduld und Hingabe erkl\u00e4rte Martin Sichler den kleinen G\u00e4rtnern auf kindgerechte Art wie kleine Zwiebeln gesteckt werden m\u00fcssen. So durften die Kinder zun\u00e4chst einen \u201eZaubertrank\u201c mit Wasser und verschiedenen Kr\u00e4utern zur Wachstumsf\u00f6rderung herstellen. In diesem Sud tr\u00e4nkten sie die kleinen Zwiebeln. Anschlie\u00dfend erhielt jedes Kind sein eigenes vorbereitetes Pflanzbeet und durfte seine Zwiebeln selbst\u00e4ndig in Hand breitem Abstand stecken und danach angie\u00dfen.<\/p>\n<p>Martin erkl\u00e4rte den Kindern noch ausgiebig was Pflanzen zum Wachsen und Gedeihen brauchen. Neben den nat\u00fcrlichen Elementen Erde, Wasser und Luft auch viel Zeit und Liebe, damit sie sich optimal entwickeln k\u00f6nnen. Nun bestehen die Wurzelkinder darauf, t\u00e4glich bei ihren Zwiebeln vorbeizuschauen, um sich von ihrem Wachstum zu \u00fcberzeugen. Zur ihrer gro\u00dfen Freude spitzen die ersten gr\u00fcnen Triebe bereits heraus.<\/p>\n<p>Mit einem selbst gebastelten Osternest und einem Fotoplakat f\u00fcr den Hofladen bedanken sich die Wurzelkinder mit ihren Erzieherinnen bei Martin Sichler f\u00fcr die liebevolle und geduldige gemeinsame Pflanzaktion.<\/p>\n<p>Ein elementarer Schwerpunkt im p\u00e4dagogischen Konzept des Waldkindergartens ist die Gesunderhaltung des K\u00f6rpers, zu der nat\u00fcrlich auch eine ausgewogene und gesunde Ern\u00e4hrung geh\u00f6rt. Aus diesem Grund erm\u00f6glichen wir den Kindern t\u00e4glich den Zugang zu gesundem Obst und Rohkostgem\u00fcse. Dieses holen wir uns nach Bedarf frisch bei der G\u00e4rtnerei Martin Sichler und bereiten gemeinsam mit den Kindern einen appetitlichen Obst- und Rohkostteller zu. Das schmeckt allen Kindern!<\/p>\n<p>Ein herzliches Dankesch\u00f6n an Martin Sichler, bei dem wir jederzeit herzlich willkommen sind, f\u00fcr seine Zeit und Geduld mit den kleinen G\u00e4rtnern!<\/p>\n<p>Die Erzieherinnen des Waldkindergartens \u00dcbersee mit seinen Wurzelkindern<\/p>\n<div id='gallery-1' class='gallery galleryid-175 gallery-columns-3 gallery-size-thumbnail'><figure class='gallery-item'>\n\t\t\t<div class='gallery-icon landscape'>\n\t\t\t\t<a href='https:\/\/wurzelkinder-uebersee.de\/?attachment_id=181'><img width=\"150\" height=\"150\" src=\"https:\/\/wurzelkinder-uebersee.de\/wp-content\/uploads\/2015\/05\/Wurzelkinder_ru\u0308hren_Zaubertrank_fu\u0308r_Zwiebeln-150x150.jpg\" class=\"attachment-thumbnail size-thumbnail\" alt=\"\" loading=\"lazy\" \/><\/a>\n\t\t\t<\/div><\/figure><figure class='gallery-item'>\n\t\t\t<div class='gallery-icon landscape'>\n\t\t\t\t<a href='https:\/\/wurzelkinder-uebersee.de\/?attachment_id=180'><img width=\"150\" height=\"150\" src=\"https:\/\/wurzelkinder-uebersee.de\/wp-content\/uploads\/2015\/05\/Wurzelkinder_riechen_Pflanzen-150x150.jpg\" class=\"attachment-thumbnail size-thumbnail\" alt=\"\" loading=\"lazy\" \/><\/a>\n\t\t\t<\/div><\/figure><figure class='gallery-item'>\n\t\t\t<div class='gallery-icon landscape'>\n\t\t\t\t<a href='https:\/\/wurzelkinder-uebersee.de\/?attachment_id=179'><img width=\"150\" height=\"150\" src=\"https:\/\/wurzelkinder-uebersee.de\/wp-content\/uploads\/2015\/05\/Wurzelkinder_ga\u0308rtnern_bei_Martin_Sichler-150x150.jpg\" class=\"attachment-thumbnail size-thumbnail\" alt=\"\" loading=\"lazy\" \/><\/a>\n\t\t\t<\/div><\/figure><figure class='gallery-item'>\n\t\t\t<div class='gallery-icon landscape'>\n\t\t\t\t<a href='https:\/\/wurzelkinder-uebersee.de\/?attachment_id=178'><img width=\"150\" height=\"150\" src=\"https:\/\/wurzelkinder-uebersee.de\/wp-content\/uploads\/2015\/05\/Wurzelkinder_fu\u0308hlen_Blumenzwiebeln-150x150.jpg\" class=\"attachment-thumbnail size-thumbnail\" alt=\"\" loading=\"lazy\" \/><\/a>\n\t\t\t<\/div><\/figure><figure class='gallery-item'>\n\t\t\t<div class='gallery-icon landscape'>\n\t\t\t\t<a href='https:\/\/wurzelkinder-uebersee.de\/?attachment_id=177'><img width=\"150\" height=\"150\" src=\"https:\/\/wurzelkinder-uebersee.de\/wp-content\/uploads\/2015\/05\/Wurzelkinder_beim_Zwiebeln_Pflanzen-150x150.jpg\" class=\"attachment-thumbnail size-thumbnail\" alt=\"\" loading=\"lazy\" \/><\/a>\n\t\t\t<\/div><\/figure><figure class='gallery-item'>\n\t\t\t<div class='gallery-icon landscape'>\n\t\t\t\t<a href='https:\/\/wurzelkinder-uebersee.de\/?attachment_id=176'><img width=\"150\" height=\"150\" src=\"https:\/\/wurzelkinder-uebersee.de\/wp-content\/uploads\/2015\/05\/Wurzelkinder_auf_dem_Feld-150x150.jpg\" class=\"attachment-thumbnail size-thumbnail\" alt=\"\" loading=\"lazy\" \/><\/a>\n\t\t\t<\/div><\/figure>\n\t\t<\/div>\n\n","protected":false},"excerpt":{"rendered":"<p>Die Wurzelkinder des Waldkindergartens \u00dcbersee wandern bei ihrem Aufstieg zum Westerbuchberg t\u00e4glich an der Biog\u00e4rtnerei des Martin Sichler vorbei. So erleben sie aus n\u00e4chster N\u00e4he das Pflanzen, Wachsen und Ernten verschiedener Obst und Gem\u00fcsesorten. Bedingt durch diese idealen Voraussetzungen bieten sich gemeinsame Aktivit\u00e4ten hervorragend an. Der Biog\u00e4rtner Martin Sichler braucht im Fr\u00fchjahr viele flei\u00dfige H\u00e4nde &hellip; <a href=\"https:\/\/wurzelkinder-uebersee.de\/?p=175\" class=\"more-link\"><span class=\"screen-reader-text\">Pflanzaktion in der G\u00e4rtnerei am Westerbuchberg<\/span> weiterlesen<\/a><\/p>\n","protected":false},"author":1,"featured_media":176,"comment_status":"closed","ping_status":"closed","sticky":false,"template":"","format":"standard","meta":{"ngg_post_thumbnail":0},"categories":[4],"tags":[],"_links":{"self":[{"href":"https:\/\/wurzelkinder-uebersee.de\/index.php?rest_route=\/wp\/v2\/posts\/175"}],"collection":[{"href":"https:\/\/wurzelkinder-uebersee.de\/index.php?rest_route=\/wp\/v2\/posts"}],"about":[{"href":"https:\/\/wurzelkinder-uebersee.de\/index.php?rest_route=\/wp\/v2\/types\/post"}],"author":[{"embeddable":true,"href":"https:\/\/wurzelkinder-uebersee.de\/index.php?rest_route=\/wp\/v2\/users\/1"}],"replies":[{"embeddable":true,"href":"https:\/\/wurzelkinder-uebersee.de\/index.php?rest_route=%2Fwp%2Fv2%2Fcomments&post=175"}],"version-history":[{"count":1,"href":"https:\/\/wurzelkinder-uebersee.de\/index.php?rest_route=\/wp\/v2\/posts\/175\/revisions"}],"predecessor-version":[{"id":182,"href":"https:\/\/wurzelkinder-uebersee.de\/index.php?rest_route=\/wp\/v2\/posts\/175\/revisions\/182"}],"wp:featuredmedia":[{"embeddable":true,"href":"https:\/\/wurzelkinder-uebersee.de\/index.php?rest_route=\/wp\/v2\/media\/176"}],"wp:attachment":[{"href":"https:\/\/wurzelkinder-uebersee.de\/index.php?rest_route=%2Fwp%2Fv2%2Fmedia&parent=175"}],"wp:term":[{"taxonomy":"category","embeddable":true,"href":"https:\/\/wurzelkinder-uebersee.de\/index.php?rest_route=%2Fwp%2Fv2%2Fcategories&post=175"},{"taxonomy":"post_tag","embeddable":true,"href":"https:\/\/wurzelkinder-uebersee.de\/index.php?rest_route=%2Fwp%2Fv2%2Ftags&post=175"}],"curies":[{"name":"wp","href":"https:\/\/api.w.org\/{rel}","templated":true}]}}