{"id":183,"date":"2015-05-24T12:27:46","date_gmt":"2015-05-24T10:27:46","guid":{"rendered":"http:\/\/wurzelkinder-uebersee.de\/?p=183"},"modified":"2016-09-18T13:11:07","modified_gmt":"2016-09-18T11:11:07","slug":"osterhase-im-waldkindergarten-uebersee","status":"publish","type":"post","link":"https:\/\/wurzelkinder-uebersee.de\/?p=183","title":{"rendered":"Osterhase im Waldkindergarten \u00dcbersee"},"content":{"rendered":"<p>Schon seit einigen Wochen konnten die Wurzelkinder des Waldkindergartens \u00dcbersee einen richtigen Feldhasen beobachten, der fr\u00f6hlich durch die heimischen W\u00e4lder des Westerbuchberges hoppelte. Nat\u00fcrlich wurde in der Osterzeit die Vermutung laut, dass es sich hierbei um den ber\u00fchmten Osterhasen handeln k\u00f6nnte.<\/p>\n<p>Am Freitag vor den Osterferien war es dann soweit und die \u201eGer\u00fcchte vom Osterhasen\u201c wurden durch einen geheimnisvollen Brief untermauert. Die Kinder staunten nicht schlecht, als sie einen Brief mit Schatzkarte vom Osterhasen im Wald versteckt fanden. Anhand dieser Botschaft konnte der Fundort der Osternester entschl\u00fcsselt werden. Nachdem die Wurzelkinder mit den \u00d6rtlichkeiten des<\/p>\n<p>Waldes mittlerweile bestens vertraut sind, konnte die Osternestersuche gezielt angegangen werden.<\/p>\n<p>Am \u201eSchwammerlplatz\u201c wurden sie schlie\u00dflich f\u00fcndig und entdeckten nach einer intensiven Suchaktion endlich ihre gut versteckten Osternester, die sie einige Tage vorher aus einer Baumscheibe sowie N\u00e4geln und wildem Clematis geschickt gebaut und mit Moos ausgelegt hatten. Manche Nester waren in hohlen B\u00e4umen oder unter Wurzeln versteckt, andere wiederum mussten erst von den B\u00e4umen heruntergeholt werden.<\/p>\n<p>Nachdem alle Kinder ihre selbst gebastelten Osternester gefunden hatten, durfte jedes als Belohnung eine Kleinigkeit daraus naschen. Zum Dank an den Osterhasen f\u00fchrten die Kinder einen lustigen Osterhasentanz auf, bevor sie aufgeregt ihren Eltern entgegen liefen, um ihnen von ihren spannenden Erlebnissen zu berichten.<\/p>\n<p>Alle Bilder zu Ostern wie immer in unserer Galerie:<\/p>\n<p><a href=\"http:\/\/wakiga.bincom.de\/gallery\/Ostern-2015\" target=\"_blank\">http:\/\/wakiga.bincom.de\/gallery\/Ostern-2015<\/a><\/p>\n<p>&nbsp;<\/p>\n","protected":false},"excerpt":{"rendered":"<p>Schon seit einigen Wochen konnten die Wurzelkinder des Waldkindergartens \u00dcbersee einen richtigen Feldhasen beobachten, der fr\u00f6hlich durch die heimischen W\u00e4lder des Westerbuchberges hoppelte. Nat\u00fcrlich wurde in der Osterzeit die Vermutung laut, dass es sich hierbei um den ber\u00fchmten Osterhasen handeln k\u00f6nnte. Am Freitag vor den Osterferien war es dann soweit und die \u201eGer\u00fcchte vom Osterhasen\u201c &hellip; <a href=\"https:\/\/wurzelkinder-uebersee.de\/?p=183\" class=\"more-link\"><span class=\"screen-reader-text\">Osterhase im Waldkindergarten \u00dcbersee<\/span> weiterlesen<\/a><\/p>\n","protected":false},"author":1,"featured_media":184,"comment_status":"closed","ping_status":"closed","sticky":false,"template":"","format":"standard","meta":{"ngg_post_thumbnail":0},"categories":[4],"tags":[],"_links":{"self":[{"href":"https:\/\/wurzelkinder-uebersee.de\/index.php?rest_route=\/wp\/v2\/posts\/183"}],"collection":[{"href":"https:\/\/wurzelkinder-uebersee.de\/index.php?rest_route=\/wp\/v2\/posts"}],"about":[{"href":"https:\/\/wurzelkinder-uebersee.de\/index.php?rest_route=\/wp\/v2\/types\/post"}],"author":[{"embeddable":true,"href":"https:\/\/wurzelkinder-uebersee.de\/index.php?rest_route=\/wp\/v2\/users\/1"}],"replies":[{"embeddable":true,"href":"https:\/\/wurzelkinder-uebersee.de\/index.php?rest_route=%2Fwp%2Fv2%2Fcomments&post=183"}],"version-history":[{"count":2,"href":"https:\/\/wurzelkinder-uebersee.de\/index.php?rest_route=\/wp\/v2\/posts\/183\/revisions"}],"predecessor-version":[{"id":186,"href":"https:\/\/wurzelkinder-uebersee.de\/index.php?rest_route=\/wp\/v2\/posts\/183\/revisions\/186"}],"wp:featuredmedia":[{"embeddable":true,"href":"https:\/\/wurzelkinder-uebersee.de\/index.php?rest_route=\/wp\/v2\/media\/184"}],"wp:attachment":[{"href":"https:\/\/wurzelkinder-uebersee.de\/index.php?rest_route=%2Fwp%2Fv2%2Fmedia&parent=183"}],"wp:term":[{"taxonomy":"category","embeddable":true,"href":"https:\/\/wurzelkinder-uebersee.de\/index.php?rest_route=%2Fwp%2Fv2%2Fcategories&post=183"},{"taxonomy":"post_tag","embeddable":true,"href":"https:\/\/wurzelkinder-uebersee.de\/index.php?rest_route=%2Fwp%2Fv2%2Ftags&post=183"}],"curies":[{"name":"wp","href":"https:\/\/api.w.org\/{rel}","templated":true}]}}