{"id":239,"date":"2015-11-09T11:25:52","date_gmt":"2015-11-09T10:25:52","guid":{"rendered":"http:\/\/wurzelkinder-uebersee.de\/?p=239"},"modified":"2016-09-18T13:09:16","modified_gmt":"2016-09-18T11:09:16","slug":"einladung-st-martinsfest-im-waldkindergarten-am-13-november","status":"publish","type":"post","link":"https:\/\/wurzelkinder-uebersee.de\/?p=239","title":{"rendered":"Einladung: St. Martinsfest im Waldkindergarten am 13. November"},"content":{"rendered":"<p>Diesen Freitag, den 13. November (Ausweichtermin bei Regenwetter ist Montag, 16. November) feiern die Wurzelkinder des Waldkindergartens \u00dcbersee am Westerbuchberg das St. Martinsfest. Treffpunkt ist um 16:30 Uhr am Bringplatz in der Wessener Str, Von dort aus gehen die Kinder gemeinsam mit den Erzieherinnen und ihren Familien entlang eines kerzenges\u00e4umten Weges ein St\u00fcck in den Wald hinauf zum so genannten\u201c Schwammerlplatz\u201c. Nach den Feierlichkeiten mit St. Martinsliedern bietet der Elternbeirat Punsch, Butterbrezen und Kuchen an. Neben den Familien der Wurzelkinder sind auch F\u00f6rderer und Freunde des Waldkindergartens sowie Anwohner sehr herzlich eingeladen.<\/p>\n<p><strong>Wichtiger Hinweis<\/strong>: Da am Bringplatz in der Wessener Str. nicht gen\u00fcgend Parkpl\u00e4tze zur Verf\u00fcgung stehen bitten wir dringend darum am Dirtpark oder am Vereinsheim des TSV \u00dcbersee zu parken. Au\u00dferdem bitten wir aus Gr\u00fcnden des Umweltschutzes jeden eine eigene Tasse mitzubringen. Wir freuen uns auf Ihren Besuch!<\/p>\n","protected":false},"excerpt":{"rendered":"<p>Diesen Freitag, den 13. November (Ausweichtermin bei Regenwetter ist Montag, 16. November) feiern die Wurzelkinder des Waldkindergartens \u00dcbersee am Westerbuchberg das St. Martinsfest. Treffpunkt ist um 16:30 Uhr am Bringplatz in der Wessener Str, Von dort aus gehen die Kinder gemeinsam mit den Erzieherinnen und ihren Familien entlang eines kerzenges\u00e4umten Weges ein St\u00fcck in den &hellip; <a href=\"https:\/\/wurzelkinder-uebersee.de\/?p=239\" class=\"more-link\"><span class=\"screen-reader-text\">Einladung: St. Martinsfest im Waldkindergarten am 13. November<\/span> weiterlesen<\/a><\/p>\n","protected":false},"author":1,"featured_media":240,"comment_status":"closed","ping_status":"closed","sticky":false,"template":"","format":"standard","meta":{"ngg_post_thumbnail":0},"categories":[4],"tags":[],"_links":{"self":[{"href":"https:\/\/wurzelkinder-uebersee.de\/index.php?rest_route=\/wp\/v2\/posts\/239"}],"collection":[{"href":"https:\/\/wurzelkinder-uebersee.de\/index.php?rest_route=\/wp\/v2\/posts"}],"about":[{"href":"https:\/\/wurzelkinder-uebersee.de\/index.php?rest_route=\/wp\/v2\/types\/post"}],"author":[{"embeddable":true,"href":"https:\/\/wurzelkinder-uebersee.de\/index.php?rest_route=\/wp\/v2\/users\/1"}],"replies":[{"embeddable":true,"href":"https:\/\/wurzelkinder-uebersee.de\/index.php?rest_route=%2Fwp%2Fv2%2Fcomments&post=239"}],"version-history":[{"count":1,"href":"https:\/\/wurzelkinder-uebersee.de\/index.php?rest_route=\/wp\/v2\/posts\/239\/revisions"}],"predecessor-version":[{"id":241,"href":"https:\/\/wurzelkinder-uebersee.de\/index.php?rest_route=\/wp\/v2\/posts\/239\/revisions\/241"}],"wp:featuredmedia":[{"embeddable":true,"href":"https:\/\/wurzelkinder-uebersee.de\/index.php?rest_route=\/wp\/v2\/media\/240"}],"wp:attachment":[{"href":"https:\/\/wurzelkinder-uebersee.de\/index.php?rest_route=%2Fwp%2Fv2%2Fmedia&parent=239"}],"wp:term":[{"taxonomy":"category","embeddable":true,"href":"https:\/\/wurzelkinder-uebersee.de\/index.php?rest_route=%2Fwp%2Fv2%2Fcategories&post=239"},{"taxonomy":"post_tag","embeddable":true,"href":"https:\/\/wurzelkinder-uebersee.de\/index.php?rest_route=%2Fwp%2Fv2%2Ftags&post=239"}],"curies":[{"name":"wp","href":"https:\/\/api.w.org\/{rel}","templated":true}]}}