{"id":4206,"date":"2019-10-22T21:26:33","date_gmt":"2019-10-22T19:26:33","guid":{"rendered":"https:\/\/wurzelkinder-uebersee.de\/?p=4206"},"modified":"2022-09-26T22:24:00","modified_gmt":"2022-09-26T20:24:00","slug":"ausflug-der-wurzelkinder-zur-adler-apotheke","status":"publish","type":"post","link":"https:\/\/wurzelkinder-uebersee.de\/?p=4206","title":{"rendered":"Ausflug der \u201eWurzelkinder\u201c zur \u201eAdler\u201c-Apotheke"},"content":{"rendered":"<p>Am Dienstag, den 15. 10.19 besuchte die Gruppe der Wurzelh\u00f6rnchen vom Waldkindergarten \u201eWurzelkinder\u201c e.V. die \u201eAdler\u201c- Apotheke in \u00dcbersee.&nbsp; Frau und Herr Reif empfingen die Kinder herzlich und zeigten ihnen die R\u00e4umlichkeiten der Apotheke. Es war f\u00fcr alle ein besonderes Erlebnis, einmal hinter die Kulissen blicken zu d\u00fcrfen. So lernten die Kinder z.B. verschiedene Kr\u00e4uter kennen, die f\u00fcr die Zubereitung von Tees geeignet sind, wie viele Medikamente in die riesigen Schr\u00e4nke passen, was ein \u201eHerbarium\u201c ist und wo der Apotheker schl\u00e4ft, wenn er Notdienst hat. Der eigentliche Grund des Besuches war K\u00fchlpacks zu besorgen, die im Waldkindergarten immer wieder zum Einsatz kommen. Zur gro\u00dfen \u00dcberraschung wurden sie von der \u201eAdler\u201c- Apotheke gespendet. Vielen herzlichen Dank daf\u00fcr und auch f\u00fcr die interessante, kindgerechte F\u00fchrung mit vielen kleinen \u00dcberraschungen.<\/p>\n","protected":false},"excerpt":{"rendered":"<p>Am Dienstag, den 15. 10.19 besuchte die Gruppe der Wurzelh\u00f6rnchen vom Waldkindergarten \u201eWurzelkinder\u201c e.V. die \u201eAdler\u201c- Apotheke in \u00dcbersee.&nbsp; Frau und Herr Reif empfingen die Kinder herzlich und zeigten ihnen die R\u00e4umlichkeiten der Apotheke. Es war f\u00fcr alle ein besonderes Erlebnis, einmal hinter die Kulissen blicken zu d\u00fcrfen. So lernten die Kinder z.B. verschiedene Kr\u00e4uter &hellip; <a href=\"https:\/\/wurzelkinder-uebersee.de\/?p=4206\" class=\"more-link\"><span class=\"screen-reader-text\">Ausflug der \u201eWurzelkinder\u201c zur \u201eAdler\u201c-Apotheke<\/span> weiterlesen<\/a><\/p>\n","protected":false},"author":3,"featured_media":4207,"comment_status":"closed","ping_status":"closed","sticky":false,"template":"","format":"standard","meta":{"ngg_post_thumbnail":0},"categories":[4],"tags":[],"_links":{"self":[{"href":"https:\/\/wurzelkinder-uebersee.de\/index.php?rest_route=\/wp\/v2\/posts\/4206"}],"collection":[{"href":"https:\/\/wurzelkinder-uebersee.de\/index.php?rest_route=\/wp\/v2\/posts"}],"about":[{"href":"https:\/\/wurzelkinder-uebersee.de\/index.php?rest_route=\/wp\/v2\/types\/post"}],"author":[{"embeddable":true,"href":"https:\/\/wurzelkinder-uebersee.de\/index.php?rest_route=\/wp\/v2\/users\/3"}],"replies":[{"embeddable":true,"href":"https:\/\/wurzelkinder-uebersee.de\/index.php?rest_route=%2Fwp%2Fv2%2Fcomments&post=4206"}],"version-history":[{"count":3,"href":"https:\/\/wurzelkinder-uebersee.de\/index.php?rest_route=\/wp\/v2\/posts\/4206\/revisions"}],"predecessor-version":[{"id":6284,"href":"https:\/\/wurzelkinder-uebersee.de\/index.php?rest_route=\/wp\/v2\/posts\/4206\/revisions\/6284"}],"wp:featuredmedia":[{"embeddable":true,"href":"https:\/\/wurzelkinder-uebersee.de\/index.php?rest_route=\/wp\/v2\/media\/4207"}],"wp:attachment":[{"href":"https:\/\/wurzelkinder-uebersee.de\/index.php?rest_route=%2Fwp%2Fv2%2Fmedia&parent=4206"}],"wp:term":[{"taxonomy":"category","embeddable":true,"href":"https:\/\/wurzelkinder-uebersee.de\/index.php?rest_route=%2Fwp%2Fv2%2Fcategories&post=4206"},{"taxonomy":"post_tag","embeddable":true,"href":"https:\/\/wurzelkinder-uebersee.de\/index.php?rest_route=%2Fwp%2Fv2%2Ftags&post=4206"}],"curies":[{"name":"wp","href":"https:\/\/api.w.org\/{rel}","templated":true}]}}