{"id":4411,"date":"2019-12-19T13:02:56","date_gmt":"2019-12-19T12:02:56","guid":{"rendered":"https:\/\/wurzelkinder-uebersee.de\/?p=4411"},"modified":"2022-09-26T22:23:32","modified_gmt":"2022-09-26T20:23:32","slug":"besuch-vom-nikolaus-und-frohe-weihnachten-an-alle","status":"publish","type":"post","link":"https:\/\/wurzelkinder-uebersee.de\/?p=4411","title":{"rendered":"Besuch vom Nikolaus und frohe Weihnachten an alle !!"},"content":{"rendered":"<p>Am Donnerstag, den 05.12.2019 besuchte der Nikolaus die \u201eWurzelkinder\u201c vom Waldkindergarten \u00dcbersee. Die Aufregung der Kinder war gro\u00df und die Ungewissheit, ob er sie denn auch wirklich in dem gro\u00dfen Waldgel\u00e4nde finden w\u00fcrde.&nbsp;&nbsp;&nbsp;&nbsp;&nbsp;&nbsp;&nbsp;&nbsp;&nbsp;&nbsp;&nbsp;&nbsp;&nbsp;&nbsp;&nbsp;&nbsp;&nbsp;&nbsp;&nbsp;&nbsp;&nbsp;&nbsp;&nbsp;&nbsp;&nbsp;&nbsp;&nbsp;&nbsp; &nbsp;&nbsp;&nbsp;&nbsp;&nbsp;&nbsp;&nbsp;&nbsp;&nbsp;&nbsp;&nbsp;&nbsp;&nbsp;&nbsp;&nbsp;&nbsp;&nbsp;&nbsp;&nbsp;&nbsp;&nbsp;&nbsp;&nbsp;&nbsp;&nbsp;&nbsp;&nbsp;&nbsp;&nbsp;&nbsp;&nbsp;&nbsp;&nbsp;&nbsp;&nbsp;&nbsp;&nbsp;&nbsp;&nbsp;&nbsp;&nbsp;&nbsp;&nbsp;&nbsp;&nbsp;&nbsp;&nbsp;&nbsp;&nbsp;&nbsp;&nbsp;&nbsp;&nbsp;&nbsp;&nbsp;&nbsp;&nbsp;&nbsp;&nbsp;&nbsp;&nbsp;&nbsp;&nbsp;&nbsp;&nbsp;&nbsp;&nbsp;&nbsp;&nbsp;&nbsp;&nbsp;&nbsp;&nbsp;&nbsp;&nbsp;Um ihm die Suche zu erleichtern, legten sie den Weg entlang Pfeile aus \u00c4sten, N\u00fcsse, Sterne und Schneeflocken und beleuchteten ihn mit Lichtergl\u00e4sern.<\/p>\n<p>Der Nikolaus lie\u00df gar nicht so lange auf sich warten und kam durch den leicht angezuckerten Wald mit seinem langen Stab, dem gro\u00dfen Sack und nat\u00fcrlich dem goldenen Buch in die geschm\u00fcckte Kreismitte der Kinder.&nbsp;&nbsp;&nbsp;&nbsp;&nbsp;&nbsp;&nbsp;&nbsp;&nbsp;&nbsp;&nbsp;&nbsp;&nbsp;&nbsp;&nbsp;&nbsp;&nbsp;&nbsp;&nbsp;&nbsp;&nbsp;&nbsp;&nbsp;&nbsp;&nbsp;&nbsp;&nbsp;&nbsp;&nbsp;&nbsp;&nbsp;&nbsp;&nbsp;&nbsp;&nbsp;&nbsp;&nbsp;&nbsp;&nbsp;&nbsp;&nbsp;&nbsp;&nbsp;&nbsp;&nbsp;&nbsp;&nbsp;&nbsp;&nbsp;&nbsp;&nbsp;&nbsp;&nbsp;&nbsp;&nbsp;&nbsp;&nbsp;&nbsp;&nbsp;&nbsp;&nbsp;&nbsp;&nbsp;&nbsp;&nbsp;&nbsp;&nbsp;&nbsp;&nbsp;&nbsp;&nbsp;&nbsp;&nbsp;&nbsp; &nbsp;&nbsp;&nbsp;&nbsp;&nbsp;&nbsp;&nbsp;&nbsp;&nbsp;&nbsp;&nbsp;&nbsp;&nbsp;&nbsp;&nbsp;&nbsp;&nbsp;&nbsp;&nbsp;&nbsp;&nbsp;&nbsp;&nbsp;&nbsp;&nbsp;&nbsp;&nbsp;&nbsp;&nbsp;&nbsp;&nbsp;&nbsp;&nbsp;&nbsp;&nbsp;&nbsp;&nbsp;&nbsp;&nbsp;&nbsp;&nbsp;&nbsp;&nbsp;&nbsp;&nbsp;&nbsp;&nbsp;&nbsp;&nbsp;&nbsp;&nbsp;&nbsp;&nbsp;&nbsp;&nbsp;&nbsp;&nbsp;&nbsp;&nbsp;&nbsp;&nbsp;&nbsp;&nbsp;&nbsp;&nbsp;&nbsp;&nbsp;&nbsp;Was da wohl drinnen stehen w\u00fcrde? Nach dem Lied \u201eNikolo bum bum\u201c zur Begr\u00fc\u00dfung sollten es alle Kinder erfahren.<\/p>\n<p>Mit gro\u00dfen Augen standen immer 2-3 \u201eWurzelm\u00e4use\u201c erwartungsvoll vor ihm und lauschten gespannt den guten Dingen aus seinem goldenen Buch ehe sie von ihm ein Geschenks\u00e4ckchen \u00fcberreicht bekamen.<\/p>\n<p>Bevor er sich an die Gruppe der \u201eWurzelh\u00f6rnchen\u201c wandte, sangen alle gemeinsam das Lied \u201eDem Nikolaus ist kalt\u201c. Es war tats\u00e4chlich an diesem Morgen bitterkalt im Winterwald, aber die Aufregung und Freude erw\u00e4rmte die Kinderherzen.<\/p>\n<p>Auch die gr\u00f6\u00dferen Kinder durften sich nur Gutes anh\u00f6ren und mit einem S\u00e4ckchen belohnen lassen.<\/p>\n<p>Ehe der Nikolaus mit \u201eLasst uns froh und munter sein\u201c verabschiedet wurde und sich die \u201eWurzelkinder\u201c mit wohlverdienter Brotzeit, Platzerl und Punsch st\u00e4rken konnten, lie\u00dfen sie sich mit ihm fotografieren.<\/p>\n<p>Das Team, die Eltern und nat\u00fcrlich die Kinder des Waldkindergarten \u00dcbersee bedanken sich herzlich beim Nikolaus f\u00fcr seinen Besuch und w\u00fcnschen allen frohe Weihnachten und alles Gute f\u00fcr das neue Jahr!<\/p>\n","protected":false},"excerpt":{"rendered":"<p>Am Donnerstag, den 05.12.2019 besuchte der Nikolaus die \u201eWurzelkinder\u201c vom Waldkindergarten \u00dcbersee. Die Aufregung der Kinder war gro\u00df und die Ungewissheit, ob er sie denn auch wirklich in dem gro\u00dfen Waldgel\u00e4nde finden w\u00fcrde.&nbsp;&nbsp;&nbsp;&nbsp;&nbsp;&nbsp;&nbsp;&nbsp;&nbsp;&nbsp;&nbsp;&nbsp;&nbsp;&nbsp;&nbsp;&nbsp;&nbsp;&nbsp;&nbsp;&nbsp;&nbsp;&nbsp;&nbsp;&nbsp;&nbsp;&nbsp;&nbsp;&nbsp; &nbsp;&nbsp;&nbsp;&nbsp;&nbsp;&nbsp;&nbsp;&nbsp;&nbsp;&nbsp;&nbsp;&nbsp;&nbsp;&nbsp;&nbsp;&nbsp;&nbsp;&nbsp;&nbsp;&nbsp;&nbsp;&nbsp;&nbsp;&nbsp;&nbsp;&nbsp;&nbsp;&nbsp;&nbsp;&nbsp;&nbsp;&nbsp;&nbsp;&nbsp;&nbsp;&nbsp;&nbsp;&nbsp;&nbsp;&nbsp;&nbsp;&nbsp;&nbsp;&nbsp;&nbsp;&nbsp;&nbsp;&nbsp;&nbsp;&nbsp;&nbsp;&nbsp;&nbsp;&nbsp;&nbsp;&nbsp;&nbsp;&nbsp;&nbsp;&nbsp;&nbsp;&nbsp;&nbsp;&nbsp;&nbsp;&nbsp;&nbsp;&nbsp;&nbsp;&nbsp;&nbsp;&nbsp;&nbsp;&nbsp;&nbsp;Um ihm die Suche zu erleichtern, legten sie den Weg entlang Pfeile aus \u00c4sten, N\u00fcsse, Sterne und Schneeflocken und beleuchteten ihn mit &hellip; <a href=\"https:\/\/wurzelkinder-uebersee.de\/?p=4411\" class=\"more-link\"><span class=\"screen-reader-text\">Besuch vom Nikolaus und frohe Weihnachten an alle !!<\/span> weiterlesen<\/a><\/p>\n","protected":false},"author":3,"featured_media":4413,"comment_status":"closed","ping_status":"closed","sticky":false,"template":"","format":"standard","meta":{"ngg_post_thumbnail":0},"categories":[4],"tags":[],"_links":{"self":[{"href":"https:\/\/wurzelkinder-uebersee.de\/index.php?rest_route=\/wp\/v2\/posts\/4411"}],"collection":[{"href":"https:\/\/wurzelkinder-uebersee.de\/index.php?rest_route=\/wp\/v2\/posts"}],"about":[{"href":"https:\/\/wurzelkinder-uebersee.de\/index.php?rest_route=\/wp\/v2\/types\/post"}],"author":[{"embeddable":true,"href":"https:\/\/wurzelkinder-uebersee.de\/index.php?rest_route=\/wp\/v2\/users\/3"}],"replies":[{"embeddable":true,"href":"https:\/\/wurzelkinder-uebersee.de\/index.php?rest_route=%2Fwp%2Fv2%2Fcomments&post=4411"}],"version-history":[{"count":3,"href":"https:\/\/wurzelkinder-uebersee.de\/index.php?rest_route=\/wp\/v2\/posts\/4411\/revisions"}],"predecessor-version":[{"id":6283,"href":"https:\/\/wurzelkinder-uebersee.de\/index.php?rest_route=\/wp\/v2\/posts\/4411\/revisions\/6283"}],"wp:featuredmedia":[{"embeddable":true,"href":"https:\/\/wurzelkinder-uebersee.de\/index.php?rest_route=\/wp\/v2\/media\/4413"}],"wp:attachment":[{"href":"https:\/\/wurzelkinder-uebersee.de\/index.php?rest_route=%2Fwp%2Fv2%2Fmedia&parent=4411"}],"wp:term":[{"taxonomy":"category","embeddable":true,"href":"https:\/\/wurzelkinder-uebersee.de\/index.php?rest_route=%2Fwp%2Fv2%2Fcategories&post=4411"},{"taxonomy":"post_tag","embeddable":true,"href":"https:\/\/wurzelkinder-uebersee.de\/index.php?rest_route=%2Fwp%2Fv2%2Ftags&post=4411"}],"curies":[{"name":"wp","href":"https:\/\/api.w.org\/{rel}","templated":true}]}}