{"id":4446,"date":"2020-05-11T09:50:03","date_gmt":"2020-05-11T07:50:03","guid":{"rendered":"https:\/\/wurzelkinder-uebersee.de\/?p=4446"},"modified":"2022-09-26T22:22:59","modified_gmt":"2022-09-26T20:22:59","slug":"coronazeit-im-waldkindergarten-wurzelkinder-e-v","status":"publish","type":"post","link":"https:\/\/wurzelkinder-uebersee.de\/?p=4446","title":{"rendered":"\u201eCoronazeit\u201c im Waldkindergarten \u201eWurzelkinder e.V.\u201c"},"content":{"rendered":"<p>Auch im Waldkindergarten \u00dcbersee hat die derzeitige Coronakrise nicht halt gemacht und dadurch wurde der Wald leider sehr kinderleer. Diese Zeit konnte das Team nun jedoch f\u00fcr verschiedene Arbeiten nutzen, f\u00fcr die im normalen Alltag weniger Zeit zur Verf\u00fcgung stehen. So wurden unsere Kisten an den verschiedenen Waldpl\u00e4tzen auf Vordermann gebracht und sowohl aufger\u00e4umt, als auch f\u00fcr die neue Jahreszeit best\u00fcckt. Au\u00dferdem konnten wir uns der Ordnung im Bauwagen widmen, die im hektischen Kindergartenalltag oft und leider auch schnell etwas untergeht. Zwei sogenannte Kamishibai&#8217;s wurden gebaut, Erz\u00e4hltheater aus Holz. Auch die Gestaltung von diversen Bildern f\u00fcr unser Erz\u00e4hltheater wurden fertig gestellt. Weiter sind&nbsp;neue Seile f\u00fcr die Kinder zum Spielen im Wald gelandet. Damit der Kontakt zu den Kindern nicht g\u00e4nzlich abbricht, wurden w\u00f6chentlich Kinderbriefe mit Fotos verfasst und per E-Mail an die Kinder und ihre Eltern geschickt. In den Briefen wurden unter anderem Besch\u00e4ftigungen vorgeschlagen und auch extra Themen an die Vorschulkinder adressiert.<\/p>\n<p>Dabei wurden der \u201eTast- und F\u00fchlsinn\u201c thematisiert, denn wir behandelten vor der Kindergartenschlie\u00dfung. Das Thema \u201eSinne\u201c unserer Vorschulkinder.<\/p>\n<p>F\u00fcr die\u201c neuen\u201c M\u00e4use, unsere Kleinen im Wald, wurden Rucksackanh\u00e4nger gebastelt.<\/p>\n<p>Auch der Muttertag kam nicht zu kurz und es wurde ein Gedicht, ein Erz\u00e4hltheater, sowie eine Anleitung f\u00fcr eine Muttertags-Massage an die Familien geschickt.<\/p>\n<p>Doch diese wundersch\u00f6ne Jahreszeit \u201eFr\u00fchling\u201c, wenn alles zum Leben erwacht, macht nicht so viel Spa\u00df, wenn sie von den \u201eWurzelkindern\u201c entdeckt wird!<\/p>\n<p>Wir freuen uns uns sehr auf euch! Und momentan \u00fcber jedes \u201eNotbetreuungskind\u201c, dass den Wald wieder mit Kinderlachen belebt!<\/p>\n","protected":false},"excerpt":{"rendered":"<p>Auch im Waldkindergarten \u00dcbersee hat die derzeitige Coronakrise nicht halt gemacht und dadurch wurde der Wald leider sehr kinderleer. Diese Zeit konnte das Team nun jedoch f\u00fcr verschiedene Arbeiten nutzen, f\u00fcr die im normalen Alltag weniger Zeit zur Verf\u00fcgung stehen. So wurden unsere Kisten an den verschiedenen Waldpl\u00e4tzen auf Vordermann gebracht und sowohl aufger\u00e4umt, als &hellip; <a href=\"https:\/\/wurzelkinder-uebersee.de\/?p=4446\" class=\"more-link\"><span class=\"screen-reader-text\">\u201eCoronazeit\u201c im Waldkindergarten \u201eWurzelkinder e.V.\u201c<\/span> weiterlesen<\/a><\/p>\n","protected":false},"author":3,"featured_media":4447,"comment_status":"closed","ping_status":"closed","sticky":false,"template":"","format":"standard","meta":{"ngg_post_thumbnail":0},"categories":[4],"tags":[],"_links":{"self":[{"href":"https:\/\/wurzelkinder-uebersee.de\/index.php?rest_route=\/wp\/v2\/posts\/4446"}],"collection":[{"href":"https:\/\/wurzelkinder-uebersee.de\/index.php?rest_route=\/wp\/v2\/posts"}],"about":[{"href":"https:\/\/wurzelkinder-uebersee.de\/index.php?rest_route=\/wp\/v2\/types\/post"}],"author":[{"embeddable":true,"href":"https:\/\/wurzelkinder-uebersee.de\/index.php?rest_route=\/wp\/v2\/users\/3"}],"replies":[{"embeddable":true,"href":"https:\/\/wurzelkinder-uebersee.de\/index.php?rest_route=%2Fwp%2Fv2%2Fcomments&post=4446"}],"version-history":[{"count":2,"href":"https:\/\/wurzelkinder-uebersee.de\/index.php?rest_route=\/wp\/v2\/posts\/4446\/revisions"}],"predecessor-version":[{"id":6281,"href":"https:\/\/wurzelkinder-uebersee.de\/index.php?rest_route=\/wp\/v2\/posts\/4446\/revisions\/6281"}],"wp:featuredmedia":[{"embeddable":true,"href":"https:\/\/wurzelkinder-uebersee.de\/index.php?rest_route=\/wp\/v2\/media\/4447"}],"wp:attachment":[{"href":"https:\/\/wurzelkinder-uebersee.de\/index.php?rest_route=%2Fwp%2Fv2%2Fmedia&parent=4446"}],"wp:term":[{"taxonomy":"category","embeddable":true,"href":"https:\/\/wurzelkinder-uebersee.de\/index.php?rest_route=%2Fwp%2Fv2%2Fcategories&post=4446"},{"taxonomy":"post_tag","embeddable":true,"href":"https:\/\/wurzelkinder-uebersee.de\/index.php?rest_route=%2Fwp%2Fv2%2Ftags&post=4446"}],"curies":[{"name":"wp","href":"https:\/\/api.w.org\/{rel}","templated":true}]}}