{"id":4569,"date":"2020-11-23T14:14:01","date_gmt":"2020-11-23T13:14:01","guid":{"rendered":"https:\/\/wurzelkinder-uebersee.de\/?p=4569"},"modified":"2022-09-26T22:21:30","modified_gmt":"2022-09-26T20:21:30","slug":"st-martin-im-waldkindergarten","status":"publish","type":"post","link":"https:\/\/wurzelkinder-uebersee.de\/?p=4569","title":{"rendered":"St. Martin im Waldkindergarten"},"content":{"rendered":"<p>Das St. Martinsfest ist ein fester Bestandteil in jedem Kindergartenjahr. Und auch wenn wir dieses Jahr nicht am Abend mit den Laternen und vielen Eltern bei Punsch, Gl\u00fchwein und Buffet im Wald feiern konnten, war es f\u00fcr die Wurzelkinder trotzdem ein ganz besonderer Tag.<\/p>\n<p>So zogen sie in der Fr\u00fch &#8211; singend mit ihren selbstgebastelten Laternen &#8211; den Kirchweg hoch zum Schwammerlplatz. Die Laternen funkelten in der Dunkelheit des Waldes trotz Tageslicht wundersch\u00f6n. Unsere Wurzelkinder schm\u00fcckten den Kreis w\u00e4hrend Brotzeit gemacht wurde und zur Feier des Tages gab es leckeren Apfelpunsch.<br \/>\nNach etwas Freispielzeit versammelten sich alle mit ihren Laternen unter der alten Buche, wo die Kinder das St. Martinsst\u00fcck, passend zum Liedtext, mitspielten.<br \/>\nVerkleidet als St. Martin, Pferd, Bettler, G\u00e4nse, Stadttor und suchende Leute war es ein tolles Schauspiel. Alle hatten sichtlich Spa\u00df, es war gro\u00dfartig. Nach so viel Konzentration gab es viel Applaus und auch noch eine kleine \u00dcberraschung &#8211; nat\u00fcrlich durfte die obligatorische Martinsgans aus Lebkuchenteig nicht fehlen. Die Kinder freuten sich riesig.<br \/>\nZum Abschied liefen die Wurzelkinder nochmals singend mit ihren Laternen den Kirchweg hinunter, direkt in die Arme ihrer Eltern, die unten schon warteten.<\/p>\n<p>Vielen Dank an unseren B\u00fcrgermeister f\u00fcr die Spende der Martinsg\u00e4nse.<\/p>\n<p>&nbsp;<\/p>\n","protected":false},"excerpt":{"rendered":"<p>Das St. Martinsfest ist ein fester Bestandteil in jedem Kindergartenjahr. Und auch wenn wir dieses Jahr nicht am Abend mit den Laternen und vielen Eltern bei Punsch, Gl\u00fchwein und Buffet im Wald feiern konnten, war es f\u00fcr die Wurzelkinder trotzdem ein ganz besonderer Tag. So zogen sie in der Fr\u00fch &#8211; singend mit ihren selbstgebastelten &hellip; <a href=\"https:\/\/wurzelkinder-uebersee.de\/?p=4569\" class=\"more-link\"><span class=\"screen-reader-text\">St. Martin im Waldkindergarten<\/span> weiterlesen<\/a><\/p>\n","protected":false},"author":3,"featured_media":4566,"comment_status":"closed","ping_status":"closed","sticky":false,"template":"","format":"standard","meta":{"ngg_post_thumbnail":0},"categories":[4],"tags":[],"_links":{"self":[{"href":"https:\/\/wurzelkinder-uebersee.de\/index.php?rest_route=\/wp\/v2\/posts\/4569"}],"collection":[{"href":"https:\/\/wurzelkinder-uebersee.de\/index.php?rest_route=\/wp\/v2\/posts"}],"about":[{"href":"https:\/\/wurzelkinder-uebersee.de\/index.php?rest_route=\/wp\/v2\/types\/post"}],"author":[{"embeddable":true,"href":"https:\/\/wurzelkinder-uebersee.de\/index.php?rest_route=\/wp\/v2\/users\/3"}],"replies":[{"embeddable":true,"href":"https:\/\/wurzelkinder-uebersee.de\/index.php?rest_route=%2Fwp%2Fv2%2Fcomments&post=4569"}],"version-history":[{"count":1,"href":"https:\/\/wurzelkinder-uebersee.de\/index.php?rest_route=\/wp\/v2\/posts\/4569\/revisions"}],"predecessor-version":[{"id":4570,"href":"https:\/\/wurzelkinder-uebersee.de\/index.php?rest_route=\/wp\/v2\/posts\/4569\/revisions\/4570"}],"wp:featuredmedia":[{"embeddable":true,"href":"https:\/\/wurzelkinder-uebersee.de\/index.php?rest_route=\/wp\/v2\/media\/4566"}],"wp:attachment":[{"href":"https:\/\/wurzelkinder-uebersee.de\/index.php?rest_route=%2Fwp%2Fv2%2Fmedia&parent=4569"}],"wp:term":[{"taxonomy":"category","embeddable":true,"href":"https:\/\/wurzelkinder-uebersee.de\/index.php?rest_route=%2Fwp%2Fv2%2Fcategories&post=4569"},{"taxonomy":"post_tag","embeddable":true,"href":"https:\/\/wurzelkinder-uebersee.de\/index.php?rest_route=%2Fwp%2Fv2%2Ftags&post=4569"}],"curies":[{"name":"wp","href":"https:\/\/api.w.org\/{rel}","templated":true}]}}