{"id":4734,"date":"2021-03-22T10:50:14","date_gmt":"2021-03-22T09:50:14","guid":{"rendered":"https:\/\/wurzelkinder-uebersee.de\/?p=4734"},"modified":"2024-03-08T08:21:46","modified_gmt":"2024-03-08T07:21:46","slug":"osterfest-im-wald-neues-aus-dem-waldkindergarten","status":"publish","type":"post","link":"https:\/\/wurzelkinder-uebersee.de\/?p=4734","title":{"rendered":"Osterfest im Wald \u2013 Neues aus dem Waldkindergarten"},"content":{"rendered":"<p>Gerade mal 4 Wochen konnten unsere Wurzelkinder durch den Wald am Westerbuchberg huschen, nun hei\u00dft es wieder Notbetreuung.<\/p>\n<p>Doch wir haben die Zeit intensiv genutzt und uns gefreut, uns wieder sehen zu k\u00f6nnen. Der Start wurde uns in den ersten zwei Wochen durch herrlichen Sonnenschein noch weiter vers\u00fc\u00dft. Dann kam der Wetterwechsel &#8211; doch auch der konnte unsere Laune nicht verderben. Nach ein paar st\u00fcrmischen Tagen, die wir im Schutzraum verbrachten, ging es dann wieder mit Neuschnee ab in den Wald. Die Poporutscherl wurden nochmals ausgepackt und gemeinsam eine gro\u00dfe Schneeburg gebaut. Dann stand unser Osterfest bevor das wir, aufgrund der aktuellen Situation, um eine Woche vorverlegt haben. Und so h\u00fcpfte der Osterhase schon am Freitag durch den Wald am Westerbuchberg und lie\u00df f\u00fcr jedes Wurzelkind ein kleines Nestlein fallen.<\/p>\n<p>Am Bauwagen konnten nun endlich die Treppenstufen rutschsicher gemacht werden. Hier m\u00f6chten wir uns recht herzlich bei Frau Poschner und der Spardabank Traunstein bedanken, welche dies durch ihre Spende erm\u00f6glicht hat.<\/p>\n<p><strong>Nun w\u00fcnschen wir allen ein frohes und vor allem gesundes Osterfest und hoffen, uns bald nach den Osterferien wieder im Wald sehen zu k\u00f6nnen.<\/strong><\/p>\n","protected":false},"excerpt":{"rendered":"<p>Gerade mal 4 Wochen konnten unsere Wurzelkinder durch den Wald am Westerbuchberg huschen, nun hei\u00dft es wieder Notbetreuung. Doch wir haben die Zeit intensiv genutzt und uns gefreut, uns wieder sehen zu k\u00f6nnen. Der Start wurde uns in den ersten zwei Wochen durch herrlichen Sonnenschein noch weiter vers\u00fc\u00dft. Dann kam der Wetterwechsel &#8211; doch auch &hellip; <a href=\"https:\/\/wurzelkinder-uebersee.de\/?p=4734\" class=\"more-link\"><span class=\"screen-reader-text\">Osterfest im Wald \u2013 Neues aus dem Waldkindergarten<\/span> weiterlesen<\/a><\/p>\n","protected":false},"author":3,"featured_media":4736,"comment_status":"closed","ping_status":"closed","sticky":false,"template":"","format":"standard","meta":{"ngg_post_thumbnail":0},"categories":[4],"tags":[],"_links":{"self":[{"href":"https:\/\/wurzelkinder-uebersee.de\/index.php?rest_route=\/wp\/v2\/posts\/4734"}],"collection":[{"href":"https:\/\/wurzelkinder-uebersee.de\/index.php?rest_route=\/wp\/v2\/posts"}],"about":[{"href":"https:\/\/wurzelkinder-uebersee.de\/index.php?rest_route=\/wp\/v2\/types\/post"}],"author":[{"embeddable":true,"href":"https:\/\/wurzelkinder-uebersee.de\/index.php?rest_route=\/wp\/v2\/users\/3"}],"replies":[{"embeddable":true,"href":"https:\/\/wurzelkinder-uebersee.de\/index.php?rest_route=%2Fwp%2Fv2%2Fcomments&post=4734"}],"version-history":[{"count":3,"href":"https:\/\/wurzelkinder-uebersee.de\/index.php?rest_route=\/wp\/v2\/posts\/4734\/revisions"}],"predecessor-version":[{"id":4739,"href":"https:\/\/wurzelkinder-uebersee.de\/index.php?rest_route=\/wp\/v2\/posts\/4734\/revisions\/4739"}],"wp:featuredmedia":[{"embeddable":true,"href":"https:\/\/wurzelkinder-uebersee.de\/index.php?rest_route=\/wp\/v2\/media\/4736"}],"wp:attachment":[{"href":"https:\/\/wurzelkinder-uebersee.de\/index.php?rest_route=%2Fwp%2Fv2%2Fmedia&parent=4734"}],"wp:term":[{"taxonomy":"category","embeddable":true,"href":"https:\/\/wurzelkinder-uebersee.de\/index.php?rest_route=%2Fwp%2Fv2%2Fcategories&post=4734"},{"taxonomy":"post_tag","embeddable":true,"href":"https:\/\/wurzelkinder-uebersee.de\/index.php?rest_route=%2Fwp%2Fv2%2Ftags&post=4734"}],"curies":[{"name":"wp","href":"https:\/\/api.w.org\/{rel}","templated":true}]}}