{"id":4838,"date":"2021-08-11T09:56:21","date_gmt":"2021-08-11T07:56:21","guid":{"rendered":"https:\/\/wurzelkinder-uebersee.de\/?p=4838"},"modified":"2024-03-08T08:21:46","modified_gmt":"2024-03-08T07:21:46","slug":"besuch-der-grassauer-bergwacht-bei-den-wurzelkindern-in-uebersee","status":"publish","type":"post","link":"https:\/\/wurzelkinder-uebersee.de\/?p=4838","title":{"rendered":"Besuch der Grassauer Bergwacht bei den \u201eWurzelkindern \u201c in \u00dcbersee"},"content":{"rendered":"<p class=\"p2\">Lange erwartet und hei\u00df begehrt, kam die Bergwacht am 4.8. zu uns in den Wald,<span class=\"Apple-converted-space\">&nbsp;<\/span>genauer gesagt am Bauwagen, wo eh schon immer unser Berwachtl\u2019er Stammtisch<span class=\"Apple-converted-space\">&nbsp;<\/span>war. W\u00e4hrend der Brotzeit h\u00f6rten wir sie schon. Die Bergwacht mit Quad und<span class=\"Apple-converted-space\">&nbsp;<\/span>Einsatzfahrzeug. Ja wer kann da denn noch essen? Nachdem wir dann alle einigerma\u00dfen satt waren und die Bergwachtler ihre Stationen vorbereitet hatten, wurden wir schongerufen. Wir versammelten uns an unserem Brotzeitplatz und die vier netten Herrenstellten sich vor und erkl\u00e4rten, was die Bergwacht eigentlich so macht und wo sie \u00fcberall im Einsatz ist . Wir haben gelernt, dass sie sowohl Menschen, Tieren wie auch der Natur hilft und nicht nur am Berg im Einsatz ist, sondern auch in jeglichem unwegsamen<span class=\"Apple-converted-space\">&nbsp;<\/span>Gel\u00e4nde, welches beispielsweise von Sanka nicht erreicht werden kann. Wir haben<span class=\"Apple-converted-space\">&nbsp;<\/span>gelernt wie die Bergung mit dem Heli funktioniert und das auch Hunde Bergwachtler sein k\u00f6nnen, n\u00e4mlich als Lawinen-Suchhunde. Auch die Ausr\u00fcstung durften wir besichtigen und einige Sachen ausprobieren und anfassen.<span class=\"Apple-converted-space\">&nbsp;<\/span><\/p>\n<p class=\"p2\">Nat\u00fcrlich darf auch keine Fahrzeug-Besichtigung fehlen, welche direkt im Anschluss folgte. Erst konnten wir das Einsatz-Fahrzeug inklusive Trage begutachten und danach das hei\u00df begehrte Quad. Dort konnte sich auch jedes Kind und jeder Erwachsene mal drauf setzen.<span class=\"Apple-converted-space\">&nbsp;<br \/>\n<\/span>Selbstverst\u00e4ndlich wurde auch der imposante Sound des Motors demonstriert und einige Kinder hielten sich bei dem m\u00e4chtigen Sound die Ohren zu.<span class=\"Apple-converted-space\">&nbsp;<\/span><\/p>\n<p class=\"p2\"><img loading=\"lazy\" class=\"alignleft wp-image-4841 size-medium\" src=\"https:\/\/wurzelkinder-uebersee.de\/wp-content\/uploads\/2021\/08\/Bildschirmfoto-2021-08-11-um-09.51.53-1-300x300.png\" alt=\"Bildschirmfoto 2021-08-11 um 09.51.53\" width=\"300\" height=\"300\" srcset=\"https:\/\/wurzelkinder-uebersee.de\/wp-content\/uploads\/2021\/08\/Bildschirmfoto-2021-08-11-um-09.51.53-1-300x300.png 300w, https:\/\/wurzelkinder-uebersee.de\/wp-content\/uploads\/2021\/08\/Bildschirmfoto-2021-08-11-um-09.51.53-1-150x150.png 150w, https:\/\/wurzelkinder-uebersee.de\/wp-content\/uploads\/2021\/08\/Bildschirmfoto-2021-08-11-um-09.51.53-1-768x770.png 768w, https:\/\/wurzelkinder-uebersee.de\/wp-content\/uploads\/2021\/08\/Bildschirmfoto-2021-08-11-um-09.51.53-1.png 998w\" sizes=\"(max-width: 300px) 100vw, 300px\" \/><\/p>\n<p class=\"p2\">Nach den Fahrzeugen konnte sich, wer mag, noch mithilfe der sogenannten \u201eWindel\u201c<span class=\"Apple-converted-space\">&nbsp;<\/span>abseilen. Der Name sorgte f\u00fcr ordentlich Gel\u00e4chter, sowie bei manchen auch Zweifel ob sie dies machen wollen. Es gab aber trotzdem einige mutige Kinder, welche sich teilweise auch mehrmals den steilen Abhang hinunter seilen lie\u00dfen.<span class=\"Apple-converted-space\">&nbsp;<\/span>Nach so viel Aufregung und Programm hatten sich die Besucher noch ein St\u00e4ndchen von uns als Dankesch\u00f6n verdient.<span class=\"Apple-converted-space\">&nbsp;<\/span><\/p>\n<p class=\"p2\"><strong><i>Vielen Dank f\u00fcr diesen erlebnisreichenVormittag&nbsp;<\/i><i>an die GrassauerBergwacht!<\/i><\/strong><\/p>\n","protected":false},"excerpt":{"rendered":"<p>Lange erwartet und hei\u00df begehrt, kam die Bergwacht am 4.8. zu uns in den Wald,&nbsp;genauer gesagt am Bauwagen, wo eh schon immer unser Berwachtl\u2019er Stammtisch&nbsp;war. W\u00e4hrend der Brotzeit h\u00f6rten wir sie schon. Die Bergwacht mit Quad und&nbsp;Einsatzfahrzeug. Ja wer kann da denn noch essen? Nachdem wir dann alle einigerma\u00dfen satt waren und die Bergwachtler ihre &hellip; <a href=\"https:\/\/wurzelkinder-uebersee.de\/?p=4838\" class=\"more-link\"><span class=\"screen-reader-text\">Besuch der Grassauer Bergwacht bei den \u201eWurzelkindern \u201c in \u00dcbersee<\/span> weiterlesen<\/a><\/p>\n","protected":false},"author":3,"featured_media":4931,"comment_status":"closed","ping_status":"closed","sticky":false,"template":"","format":"standard","meta":{"ngg_post_thumbnail":0},"categories":[4],"tags":[],"_links":{"self":[{"href":"https:\/\/wurzelkinder-uebersee.de\/index.php?rest_route=\/wp\/v2\/posts\/4838"}],"collection":[{"href":"https:\/\/wurzelkinder-uebersee.de\/index.php?rest_route=\/wp\/v2\/posts"}],"about":[{"href":"https:\/\/wurzelkinder-uebersee.de\/index.php?rest_route=\/wp\/v2\/types\/post"}],"author":[{"embeddable":true,"href":"https:\/\/wurzelkinder-uebersee.de\/index.php?rest_route=\/wp\/v2\/users\/3"}],"replies":[{"embeddable":true,"href":"https:\/\/wurzelkinder-uebersee.de\/index.php?rest_route=%2Fwp%2Fv2%2Fcomments&post=4838"}],"version-history":[{"count":9,"href":"https:\/\/wurzelkinder-uebersee.de\/index.php?rest_route=\/wp\/v2\/posts\/4838\/revisions"}],"predecessor-version":[{"id":4849,"href":"https:\/\/wurzelkinder-uebersee.de\/index.php?rest_route=\/wp\/v2\/posts\/4838\/revisions\/4849"}],"wp:featuredmedia":[{"embeddable":true,"href":"https:\/\/wurzelkinder-uebersee.de\/index.php?rest_route=\/wp\/v2\/media\/4931"}],"wp:attachment":[{"href":"https:\/\/wurzelkinder-uebersee.de\/index.php?rest_route=%2Fwp%2Fv2%2Fmedia&parent=4838"}],"wp:term":[{"taxonomy":"category","embeddable":true,"href":"https:\/\/wurzelkinder-uebersee.de\/index.php?rest_route=%2Fwp%2Fv2%2Fcategories&post=4838"},{"taxonomy":"post_tag","embeddable":true,"href":"https:\/\/wurzelkinder-uebersee.de\/index.php?rest_route=%2Fwp%2Fv2%2Ftags&post=4838"}],"curies":[{"name":"wp","href":"https:\/\/api.w.org\/{rel}","templated":true}]}}