{"id":4910,"date":"2021-11-18T07:33:01","date_gmt":"2021-11-18T06:33:01","guid":{"rendered":"https:\/\/wurzelkinder-uebersee.de\/?p=4910"},"modified":"2024-03-08T08:21:45","modified_gmt":"2024-03-08T07:21:45","slug":"endlich-wieder-st-martinsfest","status":"publish","type":"post","link":"https:\/\/wurzelkinder-uebersee.de\/?p=4910","title":{"rendered":"Endlich wieder \u2026 St.&nbsp;Martinsfest!"},"content":{"rendered":"\n<p>Die Wurzelkinder vom Waldkindergarten in \u00dcbersee freuten sich riesig, mit ihren Eltern und Geschwistern gemeinsam das St. Martinsfest zu feiern.<\/p>\n\n\n\n<p>Am 12.11.21 trafen sich alle im Wald. Die Kinder hatten ihre liebevoll gestalteten Laternen dabei. Der Laternenzug setzte sich mit beiden Gruppen getrennt singend in Richtung Schwammerlplatz in Bewegung. Der Weg war links und rechts mit Lichtern best\u00fcckt, welche den Weg durch die Dunkelheit und Nebelstimmung wiesen und f\u00fcr eine gem\u00fctliche Atmosph\u00e4re sorgten.<\/p>\n\n\n\n<p>Dort angekommen, setzen sich die Kinder in einen Baumstammkreis. Nach einer Ansprache der Kindergartenleitung Anja Bl\u00f6sl begannen die \u201eWurzelm\u00e4use\u201c mit dem Lied \u201eSt. Martin ritt durch Schnee und Wind\u2026\u201c, welches sie ganz mutig und zauberhaft als Rollenspiel mit Kost\u00fcmen auff\u00fchrten.<\/p>\n\n\n\n<p>Anschlie\u00dfend sangen alle Kinder gemeinsam \u201eDurch die Stra\u00dfen auf und nieder\u201c.<\/p>\n\n\n\n<p>Danach waren die \u201eH\u00f6rnchen\u201c mit einer Mitmachgeschichte an der Reihe. Die H\u00f6rnchen\u201c-Kinder konnten dabei mit Worten und Gesten in jede einzelne Rolle der St Martinslegende schl\u00fcpfen und ihren gegen\u00fcberstehenden Eltern pr\u00e4sentieren.<\/p>\n\n\n\n<p>Zum Schluss \u00fcberraschten die Kinder ihre Eltern noch mit dem neuen Lied \u201eKleine Laterne\u201c, welches mit Gitarre, Gl\u00f6ckchen und Rhythmusinstrumenten begleitet wurde.<\/p>\n\n\n\n<p>Nachdem die Kinder einen gro\u00dfen Applaus bekamen, gab es f\u00fcr sie eine gebackene Martinsgans und f\u00fcr die Geschwisterkinder ein Lebkuchenherz. Vielen Dank f\u00fcr die leckere Spende unseres B\u00fcrgermeisters Herbert Strauch, die wie jedes Jahr von der B\u00e4ckerei Pummer gebacken wurde.<\/p>\n\n\n\n<p>Bei einer leckeren Tasse Kinderpunsch konnte man sich erw\u00e4rmen und den sch\u00f6nen Abend ausklingen lassen. F\u00fcr die Saftspende danken wir der Fima St\u00f6ger recht herzlich!<\/p>\n\n\n\n<p>Ein Dankesch\u00f6n geht auch an den Elternbeirat, der tatkr\u00e4ftig das Gelingen des Festes unterst\u00fctzt hat.<\/p>\n","protected":false},"excerpt":{"rendered":"<p>Die Wurzelkinder vom Waldkindergarten in \u00dcbersee freuten sich riesig, mit ihren Eltern und Geschwistern gemeinsam das St. Martinsfest zu feiern. Am 12.11.21 trafen sich alle im Wald. Die Kinder hatten ihre liebevoll gestalteten Laternen dabei. Der Laternenzug setzte sich mit beiden Gruppen getrennt singend in Richtung Schwammerlplatz in Bewegung. Der Weg war links und rechts &hellip; <a href=\"https:\/\/wurzelkinder-uebersee.de\/?p=4910\" class=\"more-link\"><span class=\"screen-reader-text\">Endlich wieder \u2026 St.&nbsp;Martinsfest!<\/span> weiterlesen<\/a><\/p>\n","protected":false},"author":3,"featured_media":4927,"comment_status":"closed","ping_status":"closed","sticky":false,"template":"","format":"standard","meta":{"ngg_post_thumbnail":0},"categories":[4],"tags":[],"_links":{"self":[{"href":"https:\/\/wurzelkinder-uebersee.de\/index.php?rest_route=\/wp\/v2\/posts\/4910"}],"collection":[{"href":"https:\/\/wurzelkinder-uebersee.de\/index.php?rest_route=\/wp\/v2\/posts"}],"about":[{"href":"https:\/\/wurzelkinder-uebersee.de\/index.php?rest_route=\/wp\/v2\/types\/post"}],"author":[{"embeddable":true,"href":"https:\/\/wurzelkinder-uebersee.de\/index.php?rest_route=\/wp\/v2\/users\/3"}],"replies":[{"embeddable":true,"href":"https:\/\/wurzelkinder-uebersee.de\/index.php?rest_route=%2Fwp%2Fv2%2Fcomments&post=4910"}],"version-history":[{"count":5,"href":"https:\/\/wurzelkinder-uebersee.de\/index.php?rest_route=\/wp\/v2\/posts\/4910\/revisions"}],"predecessor-version":[{"id":4917,"href":"https:\/\/wurzelkinder-uebersee.de\/index.php?rest_route=\/wp\/v2\/posts\/4910\/revisions\/4917"}],"wp:featuredmedia":[{"embeddable":true,"href":"https:\/\/wurzelkinder-uebersee.de\/index.php?rest_route=\/wp\/v2\/media\/4927"}],"wp:attachment":[{"href":"https:\/\/wurzelkinder-uebersee.de\/index.php?rest_route=%2Fwp%2Fv2%2Fmedia&parent=4910"}],"wp:term":[{"taxonomy":"category","embeddable":true,"href":"https:\/\/wurzelkinder-uebersee.de\/index.php?rest_route=%2Fwp%2Fv2%2Fcategories&post=4910"},{"taxonomy":"post_tag","embeddable":true,"href":"https:\/\/wurzelkinder-uebersee.de\/index.php?rest_route=%2Fwp%2Fv2%2Ftags&post=4910"}],"curies":[{"name":"wp","href":"https:\/\/api.w.org\/{rel}","templated":true}]}}