{"id":538,"date":"2017-04-24T16:18:39","date_gmt":"2017-04-24T14:18:39","guid":{"rendered":"https:\/\/wurzelkinder-uebersee.de\/?p=538"},"modified":"2017-04-24T16:18:39","modified_gmt":"2017-04-24T14:18:39","slug":"der-osterhase-im-waldkindergarten","status":"publish","type":"post","link":"https:\/\/wurzelkinder-uebersee.de\/?p=538","title":{"rendered":"Der Osterhase im Waldkindergarten"},"content":{"rendered":"<p>Schon ein paar Wochen vor dem Osterfest begannen die Kinder mit den Vorbereitungen f\u00fcr das Osterfest. Es wurden Geschichten zum Osterhasen gelesen, Osternester aus Weiden gebastelt und mit Moos ausgelegt und Lieder zu Ostern ge\u00fcbt. Einer der Favoriten der Wurzelkinder ist \u201eStups der kleine Osterhase\u201c, der allerhand lustige Dinge anstellt. Nat\u00fcrlich erfuhren die Kinder auch warum wir Ostern feiern.<\/p>\n<p>Die Osterfeier im Kindergarten<\/p>\n<p>Besonders aufregend wurde es an dem Tag, an dem der Osterhase tats\u00e4chlich durch den Wald hoppelte. Die Kinder hatten vorsorglich einige Karotten ausgelegt damit der Hase im gro\u00dfen Wald am Westerbuchberg auch wusste, wohin der seine Eier und kleine S\u00fc\u00dfigkeiten bringen sollte. Auch die Kinder der Waldspielgruppe durften mitfeiern. Alle begannen der Tag mit einem Morgenkreis, die Kinder erfuhren die Geschichte zum Ostermorgen und sangen Osterlieder. Danach lauschten die Kinder Geschichten vom Osterhasen und st\u00e4rkten sie sich am Buffet, das einige Eltern bereitgestellt hatten. Dann schw\u00e4rmten die Kinder im Wald aus und machten sich auf die spannende Suche nach den Osternestern. Da der Osterhase von dem gro\u00dfen Beet bei Martin Sichler wusste, das die Kinder seit ein paar Wochen pflegen, brachte er nicht nur kleine Leckereien, sondern auch Schaufeln und Rechen zur Pflege der Beete. Nachdem alle Kinder ihr Nestchen gefunden hatten gab es noch einen gemeinsamen Abschlusskreis mit Fingerspiel \u201eKlein H\u00e4schen\u201c.<\/p>\n<p>Vielen Dank an die Eltern f\u00fcr das leckere Buffet und ans Team der Wurzelkinder e.V. im Waldkindergarten \u00dcbersee f\u00fcr das sch\u00f6ne Osterfest!<\/p>\n","protected":false},"excerpt":{"rendered":"<p>Schon ein paar Wochen vor dem Osterfest begannen die Kinder mit den Vorbereitungen f\u00fcr das Osterfest. Es wurden Geschichten zum Osterhasen gelesen, Osternester aus Weiden gebastelt und mit Moos ausgelegt und Lieder zu Ostern ge\u00fcbt. Einer der Favoriten der Wurzelkinder ist \u201eStups der kleine Osterhase\u201c, der allerhand lustige Dinge anstellt. Nat\u00fcrlich erfuhren die Kinder auch &hellip; <a href=\"https:\/\/wurzelkinder-uebersee.de\/?p=538\" class=\"more-link\"><span class=\"screen-reader-text\">Der Osterhase im Waldkindergarten<\/span> weiterlesen<\/a><\/p>\n","protected":false},"author":1,"featured_media":539,"comment_status":"closed","ping_status":"closed","sticky":false,"template":"","format":"standard","meta":{"ngg_post_thumbnail":0},"categories":[4],"tags":[],"_links":{"self":[{"href":"https:\/\/wurzelkinder-uebersee.de\/index.php?rest_route=\/wp\/v2\/posts\/538"}],"collection":[{"href":"https:\/\/wurzelkinder-uebersee.de\/index.php?rest_route=\/wp\/v2\/posts"}],"about":[{"href":"https:\/\/wurzelkinder-uebersee.de\/index.php?rest_route=\/wp\/v2\/types\/post"}],"author":[{"embeddable":true,"href":"https:\/\/wurzelkinder-uebersee.de\/index.php?rest_route=\/wp\/v2\/users\/1"}],"replies":[{"embeddable":true,"href":"https:\/\/wurzelkinder-uebersee.de\/index.php?rest_route=%2Fwp%2Fv2%2Fcomments&post=538"}],"version-history":[{"count":1,"href":"https:\/\/wurzelkinder-uebersee.de\/index.php?rest_route=\/wp\/v2\/posts\/538\/revisions"}],"predecessor-version":[{"id":540,"href":"https:\/\/wurzelkinder-uebersee.de\/index.php?rest_route=\/wp\/v2\/posts\/538\/revisions\/540"}],"wp:featuredmedia":[{"embeddable":true,"href":"https:\/\/wurzelkinder-uebersee.de\/index.php?rest_route=\/wp\/v2\/media\/539"}],"wp:attachment":[{"href":"https:\/\/wurzelkinder-uebersee.de\/index.php?rest_route=%2Fwp%2Fv2%2Fmedia&parent=538"}],"wp:term":[{"taxonomy":"category","embeddable":true,"href":"https:\/\/wurzelkinder-uebersee.de\/index.php?rest_route=%2Fwp%2Fv2%2Fcategories&post=538"},{"taxonomy":"post_tag","embeddable":true,"href":"https:\/\/wurzelkinder-uebersee.de\/index.php?rest_route=%2Fwp%2Fv2%2Ftags&post=538"}],"curies":[{"name":"wp","href":"https:\/\/api.w.org\/{rel}","templated":true}]}}