{"id":545,"date":"2017-05-23T10:01:57","date_gmt":"2017-05-23T08:01:57","guid":{"rendered":"https:\/\/wurzelkinder-uebersee.de\/?p=545"},"modified":"2017-05-23T10:01:57","modified_gmt":"2017-05-23T08:01:57","slug":"wurzelkinder-gehen-mit-alpakas-spazieren","status":"publish","type":"post","link":"https:\/\/wurzelkinder-uebersee.de\/?p=545","title":{"rendered":"Wurzelkinder gehen mit Alpakas spazieren"},"content":{"rendered":"<p>Oft schon haben die Kinder des Waldkindergartens \u00dcbersee die Alpakas am Westerbuchberg gesehen. Vergangene Woche war es dann soweit und die Wurzelkinder machten sich morgens auf den kleinen Fu\u00dfmarsch zur Koppel der Alpakas von Christa Bader. Zun\u00e4chst wurden die Kinder in zwei Gruppen aufgeteilt, dann folgte eine \u00dcbung zur Selbsterfahrung: Eine Gruppe sollte ganz laut auf die Gruppe der anderen zulaufen, damit die Kinder sp\u00fcrten wie sich das anf\u00fchlt. Manche empfanden es nicht als Bedrohung, anderen war die Anspannung anhand ihrer Gestik und Mimik anzusehen. Christa Bader befragte dann die Kinder nach ihren Eindr\u00fccken und Empfindungen. Oft wurde ge\u00e4u\u00dfert, wie laut es war und Christa erkl\u00e4rte, dass das Geh\u00f6r der Tiere viel feiner ist als das Menschliche und dass Alpakas deshalb aus Angst mit Flucht reagieren. Vielen Wurzelkindern war dies aber schon bewusst, weil sie ja im Wald auch oft ganz still sein m\u00fcssen, um V\u00f6gel oder Rehe beobachten zu k\u00f6nnen.<\/p>\n<p><strong>Der Gang aus der Koppel heraus<\/strong><\/p>\n<p>Weil Christa schon zu Beginn des Treffens bemerkte, wie ruhig die Kinder den Tieren begegneten, waren die Wurzelkinder die ersten Kindergartenkinder, die die Alpakas jeweils zu zweit oder zu dritt selbst\u00e4ndig am Strick aus der Koppel hinausf\u00fchren durften. Vorher bekamen sie Trockenfutter in die H\u00e4nde, um sich den Tieren zu n\u00e4hern und gegenseitig Vertrauen aufzubauen. Nachdem die Hengste wieder auf der Koppel waren, machten die Kinder Brotzeit. Zum Abschluss durften sie dann noch die Stuten, die getrennt von den Hengsten stehen, mit Gras f\u00fcttern.<\/p>\n<p>Viele Dank an Christa Bader und ihrer Helferin Christina f\u00fcr das sch\u00f6ne Erlebnis und die Erfahrungen, die die Wurzelkinder mit den Alpakas machen durften!<\/p>\n<p><a href=\"https:\/\/wurzelkinder-uebersee.de\/?attachment_id=546\" rel=\"attachment wp-att-546\"><img loading=\"lazy\" class=\"alignleft size-large wp-image-546\" src=\"https:\/\/wurzelkinder-uebersee.de\/wp-content\/uploads\/2017\/05\/Alpakaspaziergang2_Wakiga_20170504-1024x576.jpg\" alt=\"Alpakaspaziergang2_Wakiga_20170504\" width=\"660\" height=\"371\" srcset=\"https:\/\/wurzelkinder-uebersee.de\/wp-content\/uploads\/2017\/05\/Alpakaspaziergang2_Wakiga_20170504-1024x576.jpg 1024w, https:\/\/wurzelkinder-uebersee.de\/wp-content\/uploads\/2017\/05\/Alpakaspaziergang2_Wakiga_20170504-300x169.jpg 300w, https:\/\/wurzelkinder-uebersee.de\/wp-content\/uploads\/2017\/05\/Alpakaspaziergang2_Wakiga_20170504-768x432.jpg 768w, https:\/\/wurzelkinder-uebersee.de\/wp-content\/uploads\/2017\/05\/Alpakaspaziergang2_Wakiga_20170504.jpg 1152w\" sizes=\"(max-width: 660px) 100vw, 660px\" \/><\/a><\/p>\n","protected":false},"excerpt":{"rendered":"<p>Oft schon haben die Kinder des Waldkindergartens \u00dcbersee die Alpakas am Westerbuchberg gesehen. Vergangene Woche war es dann soweit und die Wurzelkinder machten sich morgens auf den kleinen Fu\u00dfmarsch zur Koppel der Alpakas von Christa Bader. Zun\u00e4chst wurden die Kinder in zwei Gruppen aufgeteilt, dann folgte eine \u00dcbung zur Selbsterfahrung: Eine Gruppe sollte ganz laut &hellip; <a href=\"https:\/\/wurzelkinder-uebersee.de\/?p=545\" class=\"more-link\"><span class=\"screen-reader-text\">Wurzelkinder gehen mit Alpakas spazieren<\/span> weiterlesen<\/a><\/p>\n","protected":false},"author":1,"featured_media":547,"comment_status":"closed","ping_status":"closed","sticky":false,"template":"","format":"standard","meta":{"ngg_post_thumbnail":0},"categories":[4],"tags":[],"_links":{"self":[{"href":"https:\/\/wurzelkinder-uebersee.de\/index.php?rest_route=\/wp\/v2\/posts\/545"}],"collection":[{"href":"https:\/\/wurzelkinder-uebersee.de\/index.php?rest_route=\/wp\/v2\/posts"}],"about":[{"href":"https:\/\/wurzelkinder-uebersee.de\/index.php?rest_route=\/wp\/v2\/types\/post"}],"author":[{"embeddable":true,"href":"https:\/\/wurzelkinder-uebersee.de\/index.php?rest_route=\/wp\/v2\/users\/1"}],"replies":[{"embeddable":true,"href":"https:\/\/wurzelkinder-uebersee.de\/index.php?rest_route=%2Fwp%2Fv2%2Fcomments&post=545"}],"version-history":[{"count":1,"href":"https:\/\/wurzelkinder-uebersee.de\/index.php?rest_route=\/wp\/v2\/posts\/545\/revisions"}],"predecessor-version":[{"id":548,"href":"https:\/\/wurzelkinder-uebersee.de\/index.php?rest_route=\/wp\/v2\/posts\/545\/revisions\/548"}],"wp:featuredmedia":[{"embeddable":true,"href":"https:\/\/wurzelkinder-uebersee.de\/index.php?rest_route=\/wp\/v2\/media\/547"}],"wp:attachment":[{"href":"https:\/\/wurzelkinder-uebersee.de\/index.php?rest_route=%2Fwp%2Fv2%2Fmedia&parent=545"}],"wp:term":[{"taxonomy":"category","embeddable":true,"href":"https:\/\/wurzelkinder-uebersee.de\/index.php?rest_route=%2Fwp%2Fv2%2Fcategories&post=545"},{"taxonomy":"post_tag","embeddable":true,"href":"https:\/\/wurzelkinder-uebersee.de\/index.php?rest_route=%2Fwp%2Fv2%2Ftags&post=545"}],"curies":[{"name":"wp","href":"https:\/\/api.w.org\/{rel}","templated":true}]}}