{"id":550,"date":"2017-05-23T10:09:44","date_gmt":"2017-05-23T08:09:44","guid":{"rendered":"https:\/\/wurzelkinder-uebersee.de\/?p=550"},"modified":"2017-05-23T10:43:22","modified_gmt":"2017-05-23T08:43:22","slug":"wurzelkinder-gaertnern-mit-martin-sichler","status":"publish","type":"post","link":"https:\/\/wurzelkinder-uebersee.de\/?p=550","title":{"rendered":"Wurzelkinder g\u00e4rtnern mit Martin Sichler"},"content":{"rendered":"<p>In Zusammenarbeit mit der Biog\u00e4rtnerei Martin Sichler haben die Wurzelkinder des Waldkindergartens \u00dcbersee direkt am Westerbuchberg Beete angelegt, um Gem\u00fcse anzupflanzen. Zun\u00e4chst hatten die Kinder bereits einen Bodentest auf dem Grundst\u00fcck von Martin Sichler, das direkt an den \u201eSonnenplatz\u201c des Kindergartens grenzt, durchgef\u00fchrt, um zu erfahren, welche Art von Boden es dort gibt. Es handelt sich um einen lehmigen Boden, der sehr n\u00e4hrstoffreich ist. Das ist nat\u00fcrlich gute Voraussetzung f\u00fcr eine gute Ernte sp\u00e4ter im Jahr. Davor steht aber noch viel Arbeit an: Zu Beginn der Gartenarbeiten hatten die Kinder bereits den Boden mit Grabgabeln und einem Sauzahn gelockert und umgegraben. Jeweils drei bis vier Kinder k\u00fcmmern sich zusammen um ein Beet. Die einzelnen Beete wurden mit St\u00f6cken abgesteckt und sind mit einem Weg in Form einer Spirale miteinander verbunden. Dadurch soll ein Gef\u00fchl von Gemeinschaft zwischen den Beeten entstehen. Die Kinder \u00fcbernehmen so fr\u00fch Verantwortung f\u00fcr ihre Pfl\u00e4nzchen und k\u00fcmmern sich gegenseitig auch um die Beete kranker oder fehlender Kinder.<\/p>\n<p><strong>Spiel und Spa\u00df beim G\u00e4rtnern<\/strong><\/p>\n<p>Damit der Spa\u00df bei der Sache nicht zu kurz kommt, durften die Kinder im April einen K\u00fcrbis den Berg hinunterrollen und werfen, bis er auseinanderbrach. Jedes Kind durfte dann einen K\u00fcrbiskern herausnehmen und in einen Topf voll Erde einpflanzen. Ein Teil der T\u00f6pfe haben ihren Platz direkt in den Beeten der Kinder gefunden, andere sind unter dem Sonnensegel und wieder andere versuchen ihr Gl\u00fcck im Bauwagen, wo sie noch besser vor Wind und Wetter gesch\u00fctzt sind. Nun beobachten die Kinder unter welchen Bedingungen ein K\u00fcrbis am besten w\u00e4chst.<\/p>\n<p>Das erste Gem\u00fcse, das die Kinder unter Anleitung von Martin Sichler direkt im Beet eingepflanzt haben, sind Erbsen. Als Einstieg in ihre Arbeit singen die Kinder oft, machen das Fingerspiel \u201eMein kleines Beet\u201c und inspizieren die Setzlinge und Samen genau, indem sie diese ansehen, f\u00fchlen und an ihnen riechen. Inzwischen wachsen auch Kohlrabi, Salat, Erdbeeren, Rucola, Kartoffeln, Bohnen, Mais und Charlotten unter der Obhut der Kinder und nat\u00fcrlich unter herzlicher Anleitung von Martin Sichler. Fast t\u00e4glich pflegen die Kinder nun ihre Beete, beobachten das Wachstum der einzelnen Obst- und Gem\u00fcsesorten und j\u00e4ten Beikraut, an dem man sehen kann, wie n\u00e4hrstoffreich die Erde ist. Auch die Arbeit der Regenw\u00fcrmer unter der Erde haben die Kinder mit Hilfe eines Regenwurmglases beobachtet und genauer besprochen. Au\u00dferdem haben die Kinder inzwischen auch einen Apfelbaum gepflanzt. Nun sind sie nat\u00fcrlich gespannt wann er seine ersten Fr\u00fcchte tragen wird.<\/p>\n<p><strong>Langj\u00e4hrige Zusammenarbeit mit Martin Sichler<\/strong><\/p>\n<p>Die Kooperation der Wurzelkinder e.V. mit Martin Sichler besteht bereits seit zwei Jahren. Damals hatten die Kinder in einer einmaligen Aktion auf seinem Feld geholfen Zwiebeln zu stecken. Zudem d\u00fcrfen jede Woche einige Kinder direkt im Hofladen einkaufen: Im Winter die Zutaten f\u00fcr die Suppe, die immer montags an der Feuerstelle am Bauwagen gekocht wird, im Sommer frisches Obst und Gem\u00fcse zum rohen Verzehr. Dabei z\u00e4hlen auch die dreij\u00e4hrigen schon flei\u00dfig was sie einkaufen und die gr\u00f6\u00dferen Kinder d\u00fcrfen bezahlen. Ein eigenes Beet f\u00fcr die Kinder zu haben ist nat\u00fcrlich etwas ganz Anderes und zudem eine dauerhafte Aufgabe. Damit die Wurzelkinder vom Sonnenplatz direkt zu ihren Beeten gelangen k\u00f6nnen, und diese auch abgegrenzt und gesch\u00fctzt sind, hat der Vorstand des Kindergartens zusammen mit einigen Eltern extra einen Zaun gebaut und zwei T\u00fcrchen.<\/p>\n<p>Wir bedanken uns sehr herzlich bei Martin Sichler f\u00fcr seine Zeit, seine Geduld, seine immer freundliche Art und die M\u00f6glichkeit, dass unsere Kinder in Zeiten von vollen Supermarktregalen und weltweiter Agrarindustrie noch lernen d\u00fcrfen, wie man nachhaltig, umweltfreundlich und regional frisches Obst und Gem\u00fcse anbaut!<\/p>\n<p>Das Team, die Eltern und die Wurzelkinder des Waldkindergartens \u00dcbersee.<\/p>\n<p><a href=\"https:\/\/wurzelkinder-uebersee.de\/?attachment_id=552\" rel=\"attachment wp-att-552\"><img loading=\"lazy\" class=\"alignleft size-large wp-image-552\" src=\"https:\/\/wurzelkinder-uebersee.de\/wp-content\/uploads\/2017\/05\/20170517_Wurzelkind_j\u00e4htet_Beikraut-1024x576.jpg\" alt=\"20170517_Wurzelkind_j\u00e4htet_Beikraut\" width=\"660\" height=\"371\" srcset=\"https:\/\/wurzelkinder-uebersee.de\/wp-content\/uploads\/2017\/05\/20170517_Wurzelkind_j\u00e4htet_Beikraut-1024x576.jpg 1024w, https:\/\/wurzelkinder-uebersee.de\/wp-content\/uploads\/2017\/05\/20170517_Wurzelkind_j\u00e4htet_Beikraut-300x169.jpg 300w, https:\/\/wurzelkinder-uebersee.de\/wp-content\/uploads\/2017\/05\/20170517_Wurzelkind_j\u00e4htet_Beikraut-768x432.jpg 768w, https:\/\/wurzelkinder-uebersee.de\/wp-content\/uploads\/2017\/05\/20170517_Wurzelkind_j\u00e4htet_Beikraut.jpg 1280w\" sizes=\"(max-width: 660px) 100vw, 660px\" \/><\/a> <a href=\"https:\/\/wurzelkinder-uebersee.de\/?attachment_id=551\" rel=\"attachment wp-att-551\"><img loading=\"lazy\" class=\"alignleft size-large wp-image-551\" src=\"https:\/\/wurzelkinder-uebersee.de\/wp-content\/uploads\/2017\/05\/20170517_Wurzelkinder-im-Beet-e1495526955506-576x1024.jpg\" alt=\"20170517_Wurzelkinder im Beet\" width=\"576\" height=\"1024\" srcset=\"https:\/\/wurzelkinder-uebersee.de\/wp-content\/uploads\/2017\/05\/20170517_Wurzelkinder-im-Beet-e1495526955506-576x1024.jpg 576w, https:\/\/wurzelkinder-uebersee.de\/wp-content\/uploads\/2017\/05\/20170517_Wurzelkinder-im-Beet-e1495526955506-169x300.jpg 169w, https:\/\/wurzelkinder-uebersee.de\/wp-content\/uploads\/2017\/05\/20170517_Wurzelkinder-im-Beet-e1495526955506.jpg 720w\" sizes=\"(max-width: 576px) 100vw, 576px\" \/><\/a><\/p>\n","protected":false},"excerpt":{"rendered":"<p>In Zusammenarbeit mit der Biog\u00e4rtnerei Martin Sichler haben die Wurzelkinder des Waldkindergartens \u00dcbersee direkt am Westerbuchberg Beete angelegt, um Gem\u00fcse anzupflanzen. Zun\u00e4chst hatten die Kinder bereits einen Bodentest auf dem Grundst\u00fcck von Martin Sichler, das direkt an den \u201eSonnenplatz\u201c des Kindergartens grenzt, durchgef\u00fchrt, um zu erfahren, welche Art von Boden es dort gibt. Es handelt &hellip; <a href=\"https:\/\/wurzelkinder-uebersee.de\/?p=550\" class=\"more-link\"><span class=\"screen-reader-text\">Wurzelkinder g\u00e4rtnern mit Martin Sichler<\/span> weiterlesen<\/a><\/p>\n","protected":false},"author":1,"featured_media":553,"comment_status":"closed","ping_status":"closed","sticky":false,"template":"","format":"standard","meta":{"ngg_post_thumbnail":0},"categories":[4],"tags":[],"_links":{"self":[{"href":"https:\/\/wurzelkinder-uebersee.de\/index.php?rest_route=\/wp\/v2\/posts\/550"}],"collection":[{"href":"https:\/\/wurzelkinder-uebersee.de\/index.php?rest_route=\/wp\/v2\/posts"}],"about":[{"href":"https:\/\/wurzelkinder-uebersee.de\/index.php?rest_route=\/wp\/v2\/types\/post"}],"author":[{"embeddable":true,"href":"https:\/\/wurzelkinder-uebersee.de\/index.php?rest_route=\/wp\/v2\/users\/1"}],"replies":[{"embeddable":true,"href":"https:\/\/wurzelkinder-uebersee.de\/index.php?rest_route=%2Fwp%2Fv2%2Fcomments&post=550"}],"version-history":[{"count":2,"href":"https:\/\/wurzelkinder-uebersee.de\/index.php?rest_route=\/wp\/v2\/posts\/550\/revisions"}],"predecessor-version":[{"id":563,"href":"https:\/\/wurzelkinder-uebersee.de\/index.php?rest_route=\/wp\/v2\/posts\/550\/revisions\/563"}],"wp:featuredmedia":[{"embeddable":true,"href":"https:\/\/wurzelkinder-uebersee.de\/index.php?rest_route=\/wp\/v2\/media\/553"}],"wp:attachment":[{"href":"https:\/\/wurzelkinder-uebersee.de\/index.php?rest_route=%2Fwp%2Fv2%2Fmedia&parent=550"}],"wp:term":[{"taxonomy":"category","embeddable":true,"href":"https:\/\/wurzelkinder-uebersee.de\/index.php?rest_route=%2Fwp%2Fv2%2Fcategories&post=550"},{"taxonomy":"post_tag","embeddable":true,"href":"https:\/\/wurzelkinder-uebersee.de\/index.php?rest_route=%2Fwp%2Fv2%2Ftags&post=550"}],"curies":[{"name":"wp","href":"https:\/\/api.w.org\/{rel}","templated":true}]}}