{"id":588,"date":"2017-10-16T14:01:15","date_gmt":"2017-10-16T12:01:15","guid":{"rendered":"https:\/\/wurzelkinder-uebersee.de\/?p=588"},"modified":"2017-10-16T14:01:15","modified_gmt":"2017-10-16T12:01:15","slug":"erntedank-und-spendendank-bei-den-wurzelkindern","status":"publish","type":"post","link":"https:\/\/wurzelkinder-uebersee.de\/?p=588","title":{"rendered":"Erntedank und Spendendank bei den Wurzelkindern"},"content":{"rendered":"<p>Am 6. Oktober feierten die Wurzelkinder des Waldkindergartens \u00dcbersee Erntedank. Die inzwischen zwei Kindergartengruppen, die j\u00fcngeren Wurzelm\u00e4use und die \u00e4lteren Wurzelh\u00f6rnchen kamen zun\u00e4chst alle am neuen x-Gloo zusammen, um dann durch den Wald zur Feier am Bauwagen zu stapfen. Zum Einstieg in das Fest sangen alle das Erntedank-Lied \u201eErntefest ist heut\u201c und die Kinder bekamen eine Geschichte vorgelesen. Mit frischem Gem\u00fcse vom Dorfladen Zwifi bereitete das Team zusammen mit den Kindern eine leckere Suppe zu. Nat\u00fcrlich durften diese auch Gem\u00fcse schnippeln und beobachten wie die im gro\u00dfen H\u00e4ngetopf auf der Feuerstelle gekocht wurde. Bis die Suppe fertig war, spielten die Kinder in ihrem wundersch\u00f6nen Herbstwald und zum Abschluss sangen alle nochmals Lieder und brachten so die Dankbarkeit f\u00fcr die reiche Ernte zum Ausdruck.<\/p>\n<p><strong>Spendendank<\/strong><\/p>\n<p>Dankbar sind die Eltern, das Kindergartenteam und der Verein die Wurzelkinder e.V. allerdings nicht nur f\u00fcr das Gem\u00fcse, sondern auch f\u00fcr die Spende, die uns ganz unverhofft der Dorfladen \u201eZwifi\u201c zukommen lie\u00df. Beim \u201eStra\u00dfefertigfest\u201c nach Ende der Bauarbeiten an der Feldwieser Stra\u00dfe hatten viele Anlieger zusammen gefeiert und im Rahmen dessen auch gespendet. Wir bedanken uns sehr herzlich bei:<\/p>\n<p>Adler Apotheke, Familie Reif<br \/>\nKosmetik Alexandra Gschwendner<br \/>\nInstallation Anton Gschwendner<br \/>\nGetr\u00e4nkemarkt Renate Gschwendner<br \/>\nHausarztpraxis Dr. Parzinger<br \/>\nLotto-Annahmestelle Frau H\u00e4usler<br \/>\nFerienwohnung \u201eZaislh\u00e4usl\u201c Vroni Irger<br \/>\nNaturstall Maria Steinert<br \/>\nFamilie Baumann Tr\u00f6del und Antiquit\u00e4ten<br \/>\nZwifi Dorfladen<\/p>\n<p>Wir freuen uns \u00fcber den Zusammenhalt vieler \u00dcberseer und dar\u00fcber mit dem Geld eine neue Stoffhaut f\u00fcr das Tipi am Sonnenplatz sowie Kinderbiertischgarnituren und solides Werkzeug f\u00fcr die erweiterte Kinderschar beschaffen zu k\u00f6nnen.<\/p>\n<p>Das Team, die Eltern und die Wurzelkinder des Waldkindergartens \u00dcbersee<\/p>\n","protected":false},"excerpt":{"rendered":"<p>Am 6. Oktober feierten die Wurzelkinder des Waldkindergartens \u00dcbersee Erntedank. Die inzwischen zwei Kindergartengruppen, die j\u00fcngeren Wurzelm\u00e4use und die \u00e4lteren Wurzelh\u00f6rnchen kamen zun\u00e4chst alle am neuen x-Gloo zusammen, um dann durch den Wald zur Feier am Bauwagen zu stapfen. Zum Einstieg in das Fest sangen alle das Erntedank-Lied \u201eErntefest ist heut\u201c und die Kinder bekamen &hellip; <a href=\"https:\/\/wurzelkinder-uebersee.de\/?p=588\" class=\"more-link\"><span class=\"screen-reader-text\">Erntedank und Spendendank bei den Wurzelkindern<\/span> weiterlesen<\/a><\/p>\n","protected":false},"author":1,"featured_media":589,"comment_status":"closed","ping_status":"closed","sticky":false,"template":"","format":"standard","meta":{"ngg_post_thumbnail":0},"categories":[4],"tags":[],"_links":{"self":[{"href":"https:\/\/wurzelkinder-uebersee.de\/index.php?rest_route=\/wp\/v2\/posts\/588"}],"collection":[{"href":"https:\/\/wurzelkinder-uebersee.de\/index.php?rest_route=\/wp\/v2\/posts"}],"about":[{"href":"https:\/\/wurzelkinder-uebersee.de\/index.php?rest_route=\/wp\/v2\/types\/post"}],"author":[{"embeddable":true,"href":"https:\/\/wurzelkinder-uebersee.de\/index.php?rest_route=\/wp\/v2\/users\/1"}],"replies":[{"embeddable":true,"href":"https:\/\/wurzelkinder-uebersee.de\/index.php?rest_route=%2Fwp%2Fv2%2Fcomments&post=588"}],"version-history":[{"count":1,"href":"https:\/\/wurzelkinder-uebersee.de\/index.php?rest_route=\/wp\/v2\/posts\/588\/revisions"}],"predecessor-version":[{"id":590,"href":"https:\/\/wurzelkinder-uebersee.de\/index.php?rest_route=\/wp\/v2\/posts\/588\/revisions\/590"}],"wp:featuredmedia":[{"embeddable":true,"href":"https:\/\/wurzelkinder-uebersee.de\/index.php?rest_route=\/wp\/v2\/media\/589"}],"wp:attachment":[{"href":"https:\/\/wurzelkinder-uebersee.de\/index.php?rest_route=%2Fwp%2Fv2%2Fmedia&parent=588"}],"wp:term":[{"taxonomy":"category","embeddable":true,"href":"https:\/\/wurzelkinder-uebersee.de\/index.php?rest_route=%2Fwp%2Fv2%2Fcategories&post=588"},{"taxonomy":"post_tag","embeddable":true,"href":"https:\/\/wurzelkinder-uebersee.de\/index.php?rest_route=%2Fwp%2Fv2%2Ftags&post=588"}],"curies":[{"name":"wp","href":"https:\/\/api.w.org\/{rel}","templated":true}]}}