{"id":611,"date":"2017-11-06T10:35:33","date_gmt":"2017-11-06T09:35:33","guid":{"rendered":"https:\/\/wurzelkinder-uebersee.de\/?p=611"},"modified":"2022-09-26T22:34:25","modified_gmt":"2022-09-26T20:34:25","slug":"neues-x-gloo-fuer-die-wurzelkinder","status":"publish","type":"post","link":"https:\/\/wurzelkinder-uebersee.de\/?p=611","title":{"rendered":"Neues X-Gloo f\u00fcr die Wurzelkinder"},"content":{"rendered":"<p><strong>Was macht ein Partyzelt im Wald?<\/strong><\/p>\n<p>Wenn die Wurzelkinder morgens in \u201eihren\u201c Wald am Westerbuchberg kommen, gehen sie zun\u00e4chst ins X-Gloo, zum Beispiel um bei Regen ihre Rucks\u00e4cke darin unterzustellen. Bevor die Kinder an den f\u00fcr den Tag geeigneten Platz im Wald weiterziehen, sammeln sich morgens zun\u00e4chst alle im Zelt und besprechen wo es hingeht. Eigentlich ist das X-Gloo ja ein aufblasbares Zelt f\u00fcr Partys und Veranstaltungen. Wieso steht das Zelt dann im Wald?<\/p>\n<p>Nach der Gr\u00fcndung des Waldkindergartens in \u00dcbersee im Jahr 2014 bot die Firma Skywalk an, oberhalb des Bringplatzes an der Wessener Str. als Schutz vor Regen oder starker Sonne ein 5&#215;5 Meter gro\u00dfes Zelt als erste Sammelstelle im Wald aufzustellen. Sven Kuenzel, Vertriebsleiter von Skywalk in Marquartstein sagt dazu: \u201eWir freuen uns, einen kleinen Beitrag dazu zu leisten, dass sich Kinder in der freien Natur frei entwickeln k\u00f6nnen und glauben, \u201edrau\u00dfen zu sein\u201c, f\u00f6rdert und fordert die Kinder.\u201c Au\u00dferdem kann Skywalk anhand dieser Dauerleihgabe ihre Produktqualit\u00e4t unter teils extremen Wetterlagen wie Sturm und Schneelast im Winter testen. Ergebnis: die N\u00e4hte hielten sehr gut und auch der Stoff war noch dicht aber nach drei Jahren Dauereinsatz war das Material erm\u00fcdet, es entwich Luft, der Stoff war sehr ausgeblichen und teilweise gr\u00fcnlich verf\u00e4rbt.<\/p>\n<p>Zum Ende des Sommers bekamen die Wurzelkinder deshalb ein wundersch\u00f6nes, wei\u00dfes X-Gloo mit Logo des Kindergartens. Das Team, die Eltern und die Wurzelkinder des Waldkindergartens \u00dcbersee bedanken sich bei Skywalk f\u00fcr die Unterst\u00fctzung!<\/p>\n<p>https:\/\/www.skywalk.org\/brands\/x-gloo-creative-event-equipment\/<\/p>\n","protected":false},"excerpt":{"rendered":"<p>Was macht ein Partyzelt im Wald? Wenn die Wurzelkinder morgens in \u201eihren\u201c Wald am Westerbuchberg kommen, gehen sie zun\u00e4chst ins X-Gloo, zum Beispiel um bei Regen ihre Rucks\u00e4cke darin unterzustellen. Bevor die Kinder an den f\u00fcr den Tag geeigneten Platz im Wald weiterziehen, sammeln sich morgens zun\u00e4chst alle im Zelt und besprechen wo es hingeht. &hellip; <a href=\"https:\/\/wurzelkinder-uebersee.de\/?p=611\" class=\"more-link\"><span class=\"screen-reader-text\">Neues X-Gloo f\u00fcr die Wurzelkinder<\/span> weiterlesen<\/a><\/p>\n","protected":false},"author":1,"featured_media":612,"comment_status":"closed","ping_status":"closed","sticky":false,"template":"","format":"standard","meta":{"ngg_post_thumbnail":0},"categories":[4,14],"tags":[],"_links":{"self":[{"href":"https:\/\/wurzelkinder-uebersee.de\/index.php?rest_route=\/wp\/v2\/posts\/611"}],"collection":[{"href":"https:\/\/wurzelkinder-uebersee.de\/index.php?rest_route=\/wp\/v2\/posts"}],"about":[{"href":"https:\/\/wurzelkinder-uebersee.de\/index.php?rest_route=\/wp\/v2\/types\/post"}],"author":[{"embeddable":true,"href":"https:\/\/wurzelkinder-uebersee.de\/index.php?rest_route=\/wp\/v2\/users\/1"}],"replies":[{"embeddable":true,"href":"https:\/\/wurzelkinder-uebersee.de\/index.php?rest_route=%2Fwp%2Fv2%2Fcomments&post=611"}],"version-history":[{"count":3,"href":"https:\/\/wurzelkinder-uebersee.de\/index.php?rest_route=\/wp\/v2\/posts\/611\/revisions"}],"predecessor-version":[{"id":6259,"href":"https:\/\/wurzelkinder-uebersee.de\/index.php?rest_route=\/wp\/v2\/posts\/611\/revisions\/6259"}],"wp:featuredmedia":[{"embeddable":true,"href":"https:\/\/wurzelkinder-uebersee.de\/index.php?rest_route=\/wp\/v2\/media\/612"}],"wp:attachment":[{"href":"https:\/\/wurzelkinder-uebersee.de\/index.php?rest_route=%2Fwp%2Fv2%2Fmedia&parent=611"}],"wp:term":[{"taxonomy":"category","embeddable":true,"href":"https:\/\/wurzelkinder-uebersee.de\/index.php?rest_route=%2Fwp%2Fv2%2Fcategories&post=611"},{"taxonomy":"post_tag","embeddable":true,"href":"https:\/\/wurzelkinder-uebersee.de\/index.php?rest_route=%2Fwp%2Fv2%2Ftags&post=611"}],"curies":[{"name":"wp","href":"https:\/\/api.w.org\/{rel}","templated":true}]}}