{"id":67,"date":"2015-02-01T17:40:37","date_gmt":"2015-02-01T16:40:37","guid":{"rendered":"http:\/\/wurzelkinder-uebersee.de\/?p=67"},"modified":"2023-02-14T20:04:50","modified_gmt":"2023-02-14T19:04:50","slug":"kontakt-in-den-wald","status":"publish","type":"post","link":"https:\/\/wurzelkinder-uebersee.de\/?p=67","title":{"rendered":"Kontakt in den Wald"},"content":{"rendered":"<h2><b>Erreichbarkeit<\/b><\/h2>\n<p>Wir freuen uns \u00fcber eure Nachrichten. Wir wollen aber die volle Aufmerksamkeit bei den Kindern haben, deshalb sind wir vormittags nur in Notf\u00e4llen telefonisch erreichbar.<\/p>\n<p>In allen anderen F\u00e4llen schreibt uns bitte eine Nachricht oder E-Mail oder ruft uns nach 12 Uhr an. Termine zu ausf\u00fchrlichen, pers\u00f6nlichen Gespr\u00e4chen sind nach vorheriger Absprache jederzeit sehr gerne m\u00f6glich.<\/p>\n<ul>\n<li>Wurzelm\u00e4use &amp; Kindergartenleitung: 0176 &#8211; 45 89 58 99<br \/>\noder <a href=\"mailto:leitung@wurzelkinder-uebersee.de\">leitung@wurzelkinder-uebersee.de<\/a><\/li>\n<li>Wurzelh\u00f6rnchen: 0176 &#8211; 45 60 43 38<\/li>\n<li>Wurzelnachmittag: 0159 &#8211; 01 35 86 33<\/li>\n<\/ul>\n<p>&nbsp;<\/p>\n","protected":false},"excerpt":{"rendered":"<p>Erreichbarkeit Wir freuen uns \u00fcber eure Nachrichten. Wir wollen aber die volle Aufmerksamkeit bei den Kindern haben, deshalb sind wir vormittags nur in Notf\u00e4llen telefonisch erreichbar. In allen anderen F\u00e4llen schreibt uns bitte eine Nachricht oder E-Mail oder ruft uns nach 12 Uhr an. Termine zu ausf\u00fchrlichen, pers\u00f6nlichen Gespr\u00e4chen sind nach vorheriger Absprache jederzeit sehr &hellip; <a href=\"https:\/\/wurzelkinder-uebersee.de\/?p=67\" class=\"more-link\"><span class=\"screen-reader-text\">Kontakt in den Wald<\/span> weiterlesen<\/a><\/p>\n","protected":false},"author":1,"featured_media":6919,"comment_status":"closed","ping_status":"closed","sticky":false,"template":"","format":"standard","meta":{"ngg_post_thumbnail":0},"categories":[43,17],"tags":[],"_links":{"self":[{"href":"https:\/\/wurzelkinder-uebersee.de\/index.php?rest_route=\/wp\/v2\/posts\/67"}],"collection":[{"href":"https:\/\/wurzelkinder-uebersee.de\/index.php?rest_route=\/wp\/v2\/posts"}],"about":[{"href":"https:\/\/wurzelkinder-uebersee.de\/index.php?rest_route=\/wp\/v2\/types\/post"}],"author":[{"embeddable":true,"href":"https:\/\/wurzelkinder-uebersee.de\/index.php?rest_route=\/wp\/v2\/users\/1"}],"replies":[{"embeddable":true,"href":"https:\/\/wurzelkinder-uebersee.de\/index.php?rest_route=%2Fwp%2Fv2%2Fcomments&post=67"}],"version-history":[{"count":19,"href":"https:\/\/wurzelkinder-uebersee.de\/index.php?rest_route=\/wp\/v2\/posts\/67\/revisions"}],"predecessor-version":[{"id":6920,"href":"https:\/\/wurzelkinder-uebersee.de\/index.php?rest_route=\/wp\/v2\/posts\/67\/revisions\/6920"}],"wp:featuredmedia":[{"embeddable":true,"href":"https:\/\/wurzelkinder-uebersee.de\/index.php?rest_route=\/wp\/v2\/media\/6919"}],"wp:attachment":[{"href":"https:\/\/wurzelkinder-uebersee.de\/index.php?rest_route=%2Fwp%2Fv2%2Fmedia&parent=67"}],"wp:term":[{"taxonomy":"category","embeddable":true,"href":"https:\/\/wurzelkinder-uebersee.de\/index.php?rest_route=%2Fwp%2Fv2%2Fcategories&post=67"},{"taxonomy":"post_tag","embeddable":true,"href":"https:\/\/wurzelkinder-uebersee.de\/index.php?rest_route=%2Fwp%2Fv2%2Ftags&post=67"}],"curies":[{"name":"wp","href":"https:\/\/api.w.org\/{rel}","templated":true}]}}