{"id":6899,"date":"2023-02-01T10:30:00","date_gmt":"2023-02-01T09:30:00","guid":{"rendered":"https:\/\/wurzelkinder-uebersee.de\/?p=6899"},"modified":"2024-03-08T08:21:45","modified_gmt":"2024-03-08T07:21:45","slug":"st-martinsfest-bei-den-wurzelkindern-1","status":"publish","type":"post","link":"https:\/\/wurzelkinder-uebersee.de\/?p=6899","title":{"rendered":"\u201eNatu\u0308rlich kommt der echte Nikolaus!\u201c"},"content":{"rendered":"\n<p>\u2026zu den \u201eWurzelkindern\u201c in den Wald.\u00a0<\/p>\n\n\n\n<p>&nbsp;Unter den Kindern wurde manchmal dar\u00fcber diskutiert, ob der Nikolaus \u00fcberhaupt \u201eecht\u201c sei. Die Kinder waren sich einig. Nat\u00fcrlich ist der Nikolaus \u201eecht\u201c und der Echte kommt uns auch besuchen. Nur die Kramperl sind gar nicht echt. Das sind nur verkleidete Leute und die lassen wir eh nicht rein in unseren sch\u00f6nen Wald.&nbsp;<br>Kurz vor der Nikolausfeier gab es dann Neuigkeiten f\u00fcr die Waldkinder und Erwachsenen. Dieses Jahr ist der Nikolaus wirklich sehr besch\u00e4ftigt und schafft es leider nicht am Vormittag, zu uns in den Kindergarten zu kommen. Doch am Nachmittag w\u00fcrde er sehr gerne bei uns vorbeischauen.&nbsp;<\/p>\n\n\n\n<p>Am Vormittag des <strong>7.Dez 2022 <\/strong>durften die Kinder den Weg nochmal mit Kerzengl\u00e4sern schm\u00fccken, damit der Nikolaus auch nicht im Wald verloren ginge. Vorfreudig stellten die Kinder die Gl\u00e4ser und Kerzen auf und verteilten N\u00fcsse und Sterne auf dem Weg als F\u00e4hrte.&nbsp;<\/p>\n\n\n\n<p>Am Sp\u00e4tnachmittag trafen sich die Wurzelkinder mit ihren Martinslaternen und Lichterketten am \u201eX-Gloo\u201c. Alle Kinder waren ganz schnell da. Ob das wohl an der Aufregung lag? Es war ein bisschen seltsam, dass statt der Laternenlieder heute \u201eLass uns froh und munter sein\u201c durch den Wald klang.&nbsp;<br>Am \u201eSchwammerlplatz\u201c platzierten wir alle Laternen au\u00dferhalb unseres Baumstammkreises und lockten den Nikolaus mit \u201eLasst uns froh und munter sein\u201c an.&nbsp;<\/p>\n\n\n\n<p>Denn da erschien der Nikolaus am Eingang zum \u201cSchwammerlplatz\u201c. Er sah sehr imposant aus mit seinem sch\u00f6nen Gewand, dem Rauschebart, der hohen Mitra und den schweren S\u00e4cken auf seinem R\u00fccken. Die Kinder hatten gro\u00dfe Augen und waren voller Aufregung.&nbsp;<\/p>\n\n\n\n<p>Er begr\u00fc\u00dfte uns mit einem Gedicht <em>\u201eDrau\u00df\u00b4d vom Walde komm ich her ..\u201c<\/em> Dar\u00fcber waren die Kinder sehr erstaunt, den eigentlich hatten sie ihm ja etwas vorbereitet.&nbsp;<br>Nach unserer Begr\u00fc\u00dfung freute sich der Nikolaus \u00fcber das Bewegungsspiel <em>\u201eIn einem klitzekleinen Haus\u2026\u201c<\/em> der \u201eWurzelm\u00e4use\u201c und \u00fcber das Lied <em>\u201eDer Nikolaus im Wald\u201c<\/em> der \u201eWurzelh\u00f6rnchen\u201c.&nbsp;<br>Einige mutige \u201eWurzelkinder\u201c durften abwechselnd den Stab halten. In dieser Zeit las der Bischof Nikolaus jedem Kind aus seinem goldenen Buch vor.&nbsp;<\/p>\n\n\n\n<p>Ganz zum Schluss \u00fcbergab der Nikolaus h\u00f6chstpers\u00f6nlich jedem Kind ein eigenes kleines Nikolaus Sackerl und bedankte sich bei den Engeln und Wichteln, die diese so liebevoll f\u00fcr ihn gepackt hatten.&nbsp;<br>Zum Abschied sangen wir noch einmal f\u00fcr ihn und der Nikolaus verschwand in die dunkle Nacht.&nbsp;<\/p>\n\n\n\n<p>F\u00fcr die Wurzelkinder war das Fest jedoch noch nicht vorbei. Jetzt durften die Sackerl ein und daf\u00fcr die Punschtassen und Teile-Pl\u00e4tzchen ausgepackt werden.&nbsp;<\/p>\n\n\n\n<p>Vielen Dank f\u00fcr deinen Besuch, lieber Nikolaus (Martin Heigenhauser)&nbsp;<\/p>\n","protected":false},"excerpt":{"rendered":"<p>\u2026zu den \u201eWurzelkindern\u201c in den Wald.\u00a0 &nbsp;Unter den Kindern wurde manchmal dar\u00fcber diskutiert, ob der Nikolaus \u00fcberhaupt \u201eecht\u201c sei. Die Kinder waren sich einig. Nat\u00fcrlich ist der Nikolaus \u201eecht\u201c und der Echte kommt uns auch besuchen. Nur die Kramperl sind gar nicht echt. Das sind nur verkleidete Leute und die lassen wir eh nicht rein &hellip; <a href=\"https:\/\/wurzelkinder-uebersee.de\/?p=6899\" class=\"more-link\"><span class=\"screen-reader-text\">\u201eNatu\u0308rlich kommt der echte Nikolaus!\u201c<\/span> weiterlesen<\/a><\/p>\n","protected":false},"author":3,"featured_media":6900,"comment_status":"closed","ping_status":"closed","sticky":false,"template":"","format":"standard","meta":{"ngg_post_thumbnail":0},"categories":[4],"tags":[],"_links":{"self":[{"href":"https:\/\/wurzelkinder-uebersee.de\/index.php?rest_route=\/wp\/v2\/posts\/6899"}],"collection":[{"href":"https:\/\/wurzelkinder-uebersee.de\/index.php?rest_route=\/wp\/v2\/posts"}],"about":[{"href":"https:\/\/wurzelkinder-uebersee.de\/index.php?rest_route=\/wp\/v2\/types\/post"}],"author":[{"embeddable":true,"href":"https:\/\/wurzelkinder-uebersee.de\/index.php?rest_route=\/wp\/v2\/users\/3"}],"replies":[{"embeddable":true,"href":"https:\/\/wurzelkinder-uebersee.de\/index.php?rest_route=%2Fwp%2Fv2%2Fcomments&post=6899"}],"version-history":[{"count":3,"href":"https:\/\/wurzelkinder-uebersee.de\/index.php?rest_route=\/wp\/v2\/posts\/6899\/revisions"}],"predecessor-version":[{"id":6903,"href":"https:\/\/wurzelkinder-uebersee.de\/index.php?rest_route=\/wp\/v2\/posts\/6899\/revisions\/6903"}],"wp:featuredmedia":[{"embeddable":true,"href":"https:\/\/wurzelkinder-uebersee.de\/index.php?rest_route=\/wp\/v2\/media\/6900"}],"wp:attachment":[{"href":"https:\/\/wurzelkinder-uebersee.de\/index.php?rest_route=%2Fwp%2Fv2%2Fmedia&parent=6899"}],"wp:term":[{"taxonomy":"category","embeddable":true,"href":"https:\/\/wurzelkinder-uebersee.de\/index.php?rest_route=%2Fwp%2Fv2%2Fcategories&post=6899"},{"taxonomy":"post_tag","embeddable":true,"href":"https:\/\/wurzelkinder-uebersee.de\/index.php?rest_route=%2Fwp%2Fv2%2Ftags&post=6899"}],"curies":[{"name":"wp","href":"https:\/\/api.w.org\/{rel}","templated":true}]}}