{"id":7355,"date":"2023-03-20T14:52:00","date_gmt":"2023-03-20T13:52:00","guid":{"rendered":"https:\/\/wurzelkinder-uebersee.de\/?p=7355"},"modified":"2024-03-08T08:21:45","modified_gmt":"2024-03-08T07:21:45","slug":"vogelstimmenwanderung-mit-martina-mitterer","status":"publish","type":"post","link":"https:\/\/wurzelkinder-uebersee.de\/?p=7355","title":{"rendered":"Vogelstimmenwanderung mit Martina Mitterer\u2026"},"content":{"rendered":"\n<p>das h\u00f6rt sich doch superspannend an. Und war es auch \u2026Ende M\u00e4rz.<\/p>\n\n\n\n<p>Endlich h\u00f6rt man die V\u00f6gel wieder zwitschern und tr\u00e4llern, aber wen h\u00f6rt man denn da eigentlich? Hm, mal \u00fcberlegen? Ja, der Specht ist eindeutig, mit seinem Klopfen. \u201eTock , tock, tock\u201c. Aber wie klingt er, wenn er fliegt oder sich unterh\u00e4lt?<\/p>\n\n\n\n<p>Und welche V\u00f6gel finden den Westerbuchberg auch so gro\u00dfartig wie wir \u201eWurzelkinder\u201c? Da kann uns nur jemand weiterhelfen, der sich richtig gut damit auskennt. Martina vom \u201eNaturpavillion\u201c nat\u00fcrlich!<br><\/p>\n\n\n\n<p>Die Wanderung konnte nur bei trockenem Wetter stattfinden, da sonst die V\u00f6gel nicht wirklich Lust zum Musizieren haben.<\/p>\n\n\n\n<p>Wir hatten Gl\u00fcck und Martina besuchte uns am Schwammerlplatz. Erst mit den \u201eH\u00f6rnchen\u201c und anschlie\u00dfend mit den \u201eM\u00e4usen\u201c machte sich auf dem Weg bis zum Bauwagen.<\/p>\n\n\n\n<p>Anhand von Bildkarten stellte sie erstmal die V\u00f6gel vor, die sie uns gerne n\u00e4herbringen und h\u00f6ren lassen m\u00f6chte.<\/p>\n\n\n\n<p>Wir waren gespannt. Die Kinder konnten zum Teil die V\u00f6gel benennen. Na, dann kann`s losgehen!<\/p>\n\n\n\n<p>Oh, wer ist nochmal die \u201eVogelpolizei\u201c? und warnt alle V\u00f6gel, wenn Gefahr droht? Na, wei\u00dft du es noch? \u2026ja, klar der Eichelh\u00e4her mit seinen sch\u00f6nen blauen Federn.<\/p>\n\n\n\n<p>Und wer tr\u00e4llert wie eine Operns\u00e4ngerin alle Liedchen? Mit seiner h\u00fcbschen roten Kehle? Na, klar, das Rotkehlchen nat\u00fcrlich. Und baut sein Nestchen recht weit unten.<\/p>\n\n\n\n<p>Oh, wer war den nochmal der \u201eR\u00e4uber\u201c? Kannst du dich erinnern? Der Kleiber mit seiner schwarzen Augenbinde.<\/p>\n\n\n\n<p>Martina erz\u00e4hlte uns viele spannende Geschichte und lie\u00df uns auch mal zur Erinnerung Vogelstimmen auf ihrem Handy nachh\u00f6ren. Nicht zu laut, denn sonst sind die V\u00f6gel irritiert.<\/p>\n\n\n\n<p>Anja hat auch ein cooles Vogelbuch, bei dem man anhand von einem Stift Vogelstimmen nachh\u00f6ren kann, um sich besser zu erinnern, zu merken und zu vergleichen.<\/p>\n\n\n\n<p>Alle Kinder waren sehr aufmerksam und interessiert mit dabei.<\/p>\n\n\n\n<p>Oben am Bauwagen lie\u00df sich vor allem dem Buchfinken lauschen. Und k\u00f6nnt ihr euch erinnern, wie der M\u00e4usebussard klingt? Ja, lustig, wie eine miauende Katze.<\/p>\n","protected":false},"excerpt":{"rendered":"<p>das h\u00f6rt sich doch superspannend an. Und war es auch \u2026Ende M\u00e4rz. Endlich h\u00f6rt man die V\u00f6gel wieder zwitschern und tr\u00e4llern, aber wen h\u00f6rt man denn da eigentlich? Hm, mal \u00fcberlegen? Ja, der Specht ist eindeutig, mit seinem Klopfen. \u201eTock , tock, tock\u201c. Aber wie klingt er, wenn er fliegt oder sich unterh\u00e4lt? Und welche &hellip; <a href=\"https:\/\/wurzelkinder-uebersee.de\/?p=7355\" class=\"more-link\"><span class=\"screen-reader-text\">Vogelstimmenwanderung mit Martina Mitterer\u2026<\/span> weiterlesen<\/a><\/p>\n","protected":false},"author":3,"featured_media":7356,"comment_status":"closed","ping_status":"closed","sticky":false,"template":"","format":"standard","meta":{"ngg_post_thumbnail":0},"categories":[4,1],"tags":[],"_links":{"self":[{"href":"https:\/\/wurzelkinder-uebersee.de\/index.php?rest_route=\/wp\/v2\/posts\/7355"}],"collection":[{"href":"https:\/\/wurzelkinder-uebersee.de\/index.php?rest_route=\/wp\/v2\/posts"}],"about":[{"href":"https:\/\/wurzelkinder-uebersee.de\/index.php?rest_route=\/wp\/v2\/types\/post"}],"author":[{"embeddable":true,"href":"https:\/\/wurzelkinder-uebersee.de\/index.php?rest_route=\/wp\/v2\/users\/3"}],"replies":[{"embeddable":true,"href":"https:\/\/wurzelkinder-uebersee.de\/index.php?rest_route=%2Fwp%2Fv2%2Fcomments&post=7355"}],"version-history":[{"count":1,"href":"https:\/\/wurzelkinder-uebersee.de\/index.php?rest_route=\/wp\/v2\/posts\/7355\/revisions"}],"predecessor-version":[{"id":7357,"href":"https:\/\/wurzelkinder-uebersee.de\/index.php?rest_route=\/wp\/v2\/posts\/7355\/revisions\/7357"}],"wp:featuredmedia":[{"embeddable":true,"href":"https:\/\/wurzelkinder-uebersee.de\/index.php?rest_route=\/wp\/v2\/media\/7356"}],"wp:attachment":[{"href":"https:\/\/wurzelkinder-uebersee.de\/index.php?rest_route=%2Fwp%2Fv2%2Fmedia&parent=7355"}],"wp:term":[{"taxonomy":"category","embeddable":true,"href":"https:\/\/wurzelkinder-uebersee.de\/index.php?rest_route=%2Fwp%2Fv2%2Fcategories&post=7355"},{"taxonomy":"post_tag","embeddable":true,"href":"https:\/\/wurzelkinder-uebersee.de\/index.php?rest_route=%2Fwp%2Fv2%2Ftags&post=7355"}],"curies":[{"name":"wp","href":"https:\/\/api.w.org\/{rel}","templated":true}]}}