{"id":7358,"date":"2023-03-20T14:54:00","date_gmt":"2023-03-20T13:54:00","guid":{"rendered":"https:\/\/wurzelkinder-uebersee.de\/?p=7358"},"modified":"2024-03-08T08:21:45","modified_gmt":"2024-03-08T07:21:45","slug":"besuch-der-wurzelkinder-im-naturpavillion","status":"publish","type":"post","link":"https:\/\/wurzelkinder-uebersee.de\/?p=7358","title":{"rendered":"Besuch der Wurzelkinder im \u201eNaturpavillion\u201c"},"content":{"rendered":"\n<p>Wie jedes Jahr, hatten die \u201eWurzelkinder\u201c auch dieses Jahr die M\u00f6glichkeit Martina Mitterer im \u201eNaturpavillion\u201c in \u00dcbersee zu besuchen. Nachdem sie uns im M\u00e4rz bereits im Wald besucht und mit uns eine Vogelwanderung unternommen hatte, nahm sie dieses Thema auch bei unserem Besuch auf. Die Kinder waren nach der Wanderung Feuer und Flamme f\u00fcr die V\u00f6gel, ihre Stimmen und ihr Verhalten. Beim Besuch lernten wir die V\u00f6gel mit der gr\u00f6\u00dften und der kleinsten Fl\u00fcgelspannweite kennen, konnten echte, ausgestopfte V\u00f6gel bewundern und anfassen und lernten, mit welchen Werkzeugen die V\u00f6gel ihre Beute und ihr Essen schnappen. Voller Begeisterung, Neugier und Wissen verbrachten die Kinder einen wundersch\u00f6nen, sonnigen Tag beim \u201eNaturpavillion\u201c. Eines darf nat\u00fcrlich auch nie fehlen bei einem Besuch bei Martina und das ist nat\u00fcrlich die von den Kindern selbst geformte und belegte Pizza. Vielen Dank, liebe Martina f\u00fcr diesen sch\u00f6nen und lehrreichen Tag!<\/p>\n","protected":false},"excerpt":{"rendered":"<p>Wie jedes Jahr, hatten die \u201eWurzelkinder\u201c auch dieses Jahr die M\u00f6glichkeit Martina Mitterer im \u201eNaturpavillion\u201c in \u00dcbersee zu besuchen. Nachdem sie uns im M\u00e4rz bereits im Wald besucht und mit uns eine Vogelwanderung unternommen hatte, nahm sie dieses Thema auch bei unserem Besuch auf. Die Kinder waren nach der Wanderung Feuer und Flamme f\u00fcr die &hellip; <a href=\"https:\/\/wurzelkinder-uebersee.de\/?p=7358\" class=\"more-link\"><span class=\"screen-reader-text\">Besuch der Wurzelkinder im \u201eNaturpavillion\u201c<\/span> weiterlesen<\/a><\/p>\n","protected":false},"author":3,"featured_media":7359,"comment_status":"closed","ping_status":"closed","sticky":false,"template":"","format":"standard","meta":{"ngg_post_thumbnail":0},"categories":[4,1],"tags":[],"_links":{"self":[{"href":"https:\/\/wurzelkinder-uebersee.de\/index.php?rest_route=\/wp\/v2\/posts\/7358"}],"collection":[{"href":"https:\/\/wurzelkinder-uebersee.de\/index.php?rest_route=\/wp\/v2\/posts"}],"about":[{"href":"https:\/\/wurzelkinder-uebersee.de\/index.php?rest_route=\/wp\/v2\/types\/post"}],"author":[{"embeddable":true,"href":"https:\/\/wurzelkinder-uebersee.de\/index.php?rest_route=\/wp\/v2\/users\/3"}],"replies":[{"embeddable":true,"href":"https:\/\/wurzelkinder-uebersee.de\/index.php?rest_route=%2Fwp%2Fv2%2Fcomments&post=7358"}],"version-history":[{"count":1,"href":"https:\/\/wurzelkinder-uebersee.de\/index.php?rest_route=\/wp\/v2\/posts\/7358\/revisions"}],"predecessor-version":[{"id":7360,"href":"https:\/\/wurzelkinder-uebersee.de\/index.php?rest_route=\/wp\/v2\/posts\/7358\/revisions\/7360"}],"wp:featuredmedia":[{"embeddable":true,"href":"https:\/\/wurzelkinder-uebersee.de\/index.php?rest_route=\/wp\/v2\/media\/7359"}],"wp:attachment":[{"href":"https:\/\/wurzelkinder-uebersee.de\/index.php?rest_route=%2Fwp%2Fv2%2Fmedia&parent=7358"}],"wp:term":[{"taxonomy":"category","embeddable":true,"href":"https:\/\/wurzelkinder-uebersee.de\/index.php?rest_route=%2Fwp%2Fv2%2Fcategories&post=7358"},{"taxonomy":"post_tag","embeddable":true,"href":"https:\/\/wurzelkinder-uebersee.de\/index.php?rest_route=%2Fwp%2Fv2%2Ftags&post=7358"}],"curies":[{"name":"wp","href":"https:\/\/api.w.org\/{rel}","templated":true}]}}