{"id":785,"date":"2017-12-20T10:30:59","date_gmt":"2017-12-20T09:30:59","guid":{"rendered":"https:\/\/wurzelkinder-uebersee.de\/?p=785"},"modified":"2022-09-26T22:32:36","modified_gmt":"2022-09-26T20:32:36","slug":"nikolaus-im-waldkindergarten","status":"publish","type":"post","link":"https:\/\/wurzelkinder-uebersee.de\/?p=785","title":{"rendered":"Nikolaus im Waldkindergarten"},"content":{"rendered":"<p>Auf den schneebedeckten H\u00e4ngen im Wald am Westerbuchberg warteten am 8. Dezember die zwei Gruppen des Waldkindergartens \u00dcbersee, die Wurzelh\u00f6rnchen sowie die kleineren Wurzelm\u00e4use gespannt, ob es der Nikolaus auch dieses Jahr noch zu ihnen schaffen w\u00fcrde. Nach der Brotzeit sowie leckeren Pl\u00e4tzchen setzten sich die Kinder in einen Halbkreis an der gro\u00dfen Eiche am Schwammerplatz und hielten Ausschau nach dem Nikolaus. Damit dieser auch zur richtigen Stelle im Wald finden konnte, sangen die Kinder schon mal \u201eLasst uns froh und munter sein\u201c. Und tats\u00e4chlich: am Vormittag stapfte der heilige Bischof Nikolaus mitsamt Stab und nat\u00fcrlich seinem goldenen Buch durch den Schnee und wurde von allen Kindern mit dem Lied \u201eSei gegr\u00fc\u00dft lieber Nikolaus\u201c willkommen gehei\u00dfen.<\/p>\n<p>Jetzt war es Zeit f\u00fcr die Wurzelh\u00f6rnchen zu lauschen, was der Nikolaus Ihnen zu sagen hatte. Zum Gl\u00fcck standen im goldenen Buch viele gute Dinge, sodass jedes Kind ein kleines Geschenks\u00e4ckchen entgegennehmen durfte. Danach kamen die j\u00fcngeren Wurzelm\u00e4use an die Reihe. Nachdem jedes Kind erfahren hatte was der Nikolaus alles \u00fcber sie wusste und jeder sein Geschenk hatte, trugen die Wurzelm\u00e4use dem heiligen Besucher zum Dank &#8211; passend zur Kulisse &#8211; noch das Fingerspiel \u201eAuf einem hohen Berg\u201c vor. Zum Schluss gab der Nikolaus selbst noch zwei bayerische Lieder zum Besten und alle verabschiedeten sich fr\u00f6hlich von ihm.<\/p>\n<p><em>Das Team, die Eltern und nat\u00fcrlich vor allem die Kinder des Waldkindergartens \u00dcbersee bedanken sich herzlich beim Nikolaus f\u00fcr seinen Besuch und w\u00fcnschen allen frohe Weihnachten und alles Gute f\u00fcr das n\u00e4chste Jahr!<\/em><\/p>\n<p><em><a href=\"https:\/\/wurzelkinder-uebersee.de\/wp-content\/uploads\/2017\/12\/20171208-IMG_5516.jpg\"><img loading=\"lazy\" class=\"alignnone wp-image-787\" src=\"https:\/\/wurzelkinder-uebersee.de\/wp-content\/uploads\/2017\/12\/20171208-IMG_5516-200x300.jpg\" alt=\"20171208-IMG_5516\" width=\"487\" height=\"730\" srcset=\"https:\/\/wurzelkinder-uebersee.de\/wp-content\/uploads\/2017\/12\/20171208-IMG_5516-200x300.jpg 200w, https:\/\/wurzelkinder-uebersee.de\/wp-content\/uploads\/2017\/12\/20171208-IMG_5516-768x1152.jpg 768w, https:\/\/wurzelkinder-uebersee.de\/wp-content\/uploads\/2017\/12\/20171208-IMG_5516-683x1024.jpg 683w\" sizes=\"(max-width: 487px) 100vw, 487px\" \/><\/a><\/em><\/p>\n","protected":false},"excerpt":{"rendered":"<p>Auf den schneebedeckten H\u00e4ngen im Wald am Westerbuchberg warteten am 8. Dezember die zwei Gruppen des Waldkindergartens \u00dcbersee, die Wurzelh\u00f6rnchen sowie die kleineren Wurzelm\u00e4use gespannt, ob es der Nikolaus auch dieses Jahr noch zu ihnen schaffen w\u00fcrde. Nach der Brotzeit sowie leckeren Pl\u00e4tzchen setzten sich die Kinder in einen Halbkreis an der gro\u00dfen Eiche am &hellip; <a href=\"https:\/\/wurzelkinder-uebersee.de\/?p=785\" class=\"more-link\"><span class=\"screen-reader-text\">Nikolaus im Waldkindergarten<\/span> weiterlesen<\/a><\/p>\n","protected":false},"author":3,"featured_media":786,"comment_status":"closed","ping_status":"closed","sticky":false,"template":"","format":"standard","meta":{"ngg_post_thumbnail":0},"categories":[4],"tags":[],"_links":{"self":[{"href":"https:\/\/wurzelkinder-uebersee.de\/index.php?rest_route=\/wp\/v2\/posts\/785"}],"collection":[{"href":"https:\/\/wurzelkinder-uebersee.de\/index.php?rest_route=\/wp\/v2\/posts"}],"about":[{"href":"https:\/\/wurzelkinder-uebersee.de\/index.php?rest_route=\/wp\/v2\/types\/post"}],"author":[{"embeddable":true,"href":"https:\/\/wurzelkinder-uebersee.de\/index.php?rest_route=\/wp\/v2\/users\/3"}],"replies":[{"embeddable":true,"href":"https:\/\/wurzelkinder-uebersee.de\/index.php?rest_route=%2Fwp%2Fv2%2Fcomments&post=785"}],"version-history":[{"count":3,"href":"https:\/\/wurzelkinder-uebersee.de\/index.php?rest_route=\/wp\/v2\/posts\/785\/revisions"}],"predecessor-version":[{"id":6292,"href":"https:\/\/wurzelkinder-uebersee.de\/index.php?rest_route=\/wp\/v2\/posts\/785\/revisions\/6292"}],"wp:featuredmedia":[{"embeddable":true,"href":"https:\/\/wurzelkinder-uebersee.de\/index.php?rest_route=\/wp\/v2\/media\/786"}],"wp:attachment":[{"href":"https:\/\/wurzelkinder-uebersee.de\/index.php?rest_route=%2Fwp%2Fv2%2Fmedia&parent=785"}],"wp:term":[{"taxonomy":"category","embeddable":true,"href":"https:\/\/wurzelkinder-uebersee.de\/index.php?rest_route=%2Fwp%2Fv2%2Fcategories&post=785"},{"taxonomy":"post_tag","embeddable":true,"href":"https:\/\/wurzelkinder-uebersee.de\/index.php?rest_route=%2Fwp%2Fv2%2Ftags&post=785"}],"curies":[{"name":"wp","href":"https:\/\/api.w.org\/{rel}","templated":true}]}}