{"id":827,"date":"2018-03-27T14:38:59","date_gmt":"2018-03-27T12:38:59","guid":{"rendered":"https:\/\/wurzelkinder-uebersee.de\/?p=827"},"modified":"2022-09-26T22:31:57","modified_gmt":"2022-09-26T20:31:57","slug":"wurzelkinder-suchen-ostereier-im-schnee","status":"publish","type":"post","link":"https:\/\/wurzelkinder-uebersee.de\/?p=827","title":{"rendered":"Wurzelkinder suchen Ostereier im Schnee"},"content":{"rendered":"<p>So richtig nach Fr\u00fchling und Ostern sah es nicht aus im Wald am Westerbuchberg als die Kinder des Waldkindergartens \u00dcbersee sich auf die Suche nach Ihren Osternestern machten, die der Osterhase am Donnerstag vor den Osterferien im Wald versteckt hatte. Aber der Reihe nach: Bereits einige Wochen vor Ostern hatten die Kinder geprickelte Hasenohren sowie Schnurrhaare aus Stroh und Kulleraugen an Tont\u00f6pfe geklebt, und damit ein Osternest gebastelt. Nat\u00fcrlich sangen sie auch gerne lustige Osterlieder wie \u201eStups der kleine Osterhase\u201c. Als die Kinder an besagtem Tag zum Morgenkreis zusammenkamen, lauschten sie zun\u00e4chst noch einmal der Ostergeschichte, die auch in den Tagen vorher schon besprochen worden war. Zur Feier des Tages hatte jedes Kind etwas zum Teilen mit den anderen mitgebracht und bevor die gro\u00dfe Suche losging, genossen die inzwischen \u00fcber 30 Wurzelkinder eine gemeinsame Brotzeit.<\/p>\n<p>Nat\u00fcrlich hatten sich die Kinder auch dieses Jahr vorher \u00fcberlegt, wie der Osterhase am besten zum richtigen Platz im Wald gelockt werden sollte. Eine Abstimmung unter den Kindern ergab, dass sie einen Korb mit Hasen-Leckereien wie Karotten und Salat am Vortag zum Schwammerlplatz bringen sollten, damit die Kinder wissen wo im gro\u00dfen Wald der Osterhase die Ostereier f\u00fcr die Kinder verstecken w\u00fcrde. Nachdem der Korb am n\u00e4chsten Tag leer war, musste der Hase den Platz wohl gefunden und die Leckereien verspeist haben. Also ging die Suche los: Das war gar nicht so einfach, denn es hatte \u00fcber Nacht frisch geschneit und unter Wurzeln, hinter B\u00e4umen und Laub gab es nat\u00fcrlich eine Menge toller Verstecke. So hatten die Kinder einiges zu tun, bis alle Nester gefunden wurden. Zum Gl\u00fcck konnten bis zur Abholzeit mittags alle Kinder ein Ostert\u00f6pfchen mit schmackhaftem Inhalt und selbstbemalten Ostereiern finden und stolz ihren Eltern zeigen.<\/p>\n<p>Herzlichen Dank an den Osterhasen, der sogar im Schnee durch den Wald gehoppelt ist, um die Nester zu verstecken. Wir w\u00fcnschen allen andern Kindern ebenso flei\u00dfige Osterhasen und sch\u00f6nen Osterferien!<\/p>\n<p><em>Die Wurzelkinder e.V.<\/em><\/p>\n<p><a href=\"https:\/\/wurzelkinder-uebersee.de\/wp-content\/uploads\/2018\/03\/Die_Suche_geht_los.jpg\"><img loading=\"lazy\" class=\"alignnone size-medium wp-image-829\" src=\"https:\/\/wurzelkinder-uebersee.de\/wp-content\/uploads\/2018\/03\/Die_Suche_geht_los-200x300.jpg\" alt=\"Die_Suche_geht_los\" width=\"200\" height=\"300\" srcset=\"https:\/\/wurzelkinder-uebersee.de\/wp-content\/uploads\/2018\/03\/Die_Suche_geht_los-200x300.jpg 200w, https:\/\/wurzelkinder-uebersee.de\/wp-content\/uploads\/2018\/03\/Die_Suche_geht_los.jpg 667w\" sizes=\"(max-width: 200px) 100vw, 200px\" \/><\/a><\/p>\n","protected":false},"excerpt":{"rendered":"<p>So richtig nach Fr\u00fchling und Ostern sah es nicht aus im Wald am Westerbuchberg als die Kinder des Waldkindergartens \u00dcbersee sich auf die Suche nach Ihren Osternestern machten, die der Osterhase am Donnerstag vor den Osterferien im Wald versteckt hatte. Aber der Reihe nach: Bereits einige Wochen vor Ostern hatten die Kinder geprickelte Hasenohren sowie &hellip; <a href=\"https:\/\/wurzelkinder-uebersee.de\/?p=827\" class=\"more-link\"><span class=\"screen-reader-text\">Wurzelkinder suchen Ostereier im Schnee<\/span> weiterlesen<\/a><\/p>\n","protected":false},"author":3,"featured_media":835,"comment_status":"closed","ping_status":"closed","sticky":false,"template":"","format":"standard","meta":{"ngg_post_thumbnail":0},"categories":[4],"tags":[],"_links":{"self":[{"href":"https:\/\/wurzelkinder-uebersee.de\/index.php?rest_route=\/wp\/v2\/posts\/827"}],"collection":[{"href":"https:\/\/wurzelkinder-uebersee.de\/index.php?rest_route=\/wp\/v2\/posts"}],"about":[{"href":"https:\/\/wurzelkinder-uebersee.de\/index.php?rest_route=\/wp\/v2\/types\/post"}],"author":[{"embeddable":true,"href":"https:\/\/wurzelkinder-uebersee.de\/index.php?rest_route=\/wp\/v2\/users\/3"}],"replies":[{"embeddable":true,"href":"https:\/\/wurzelkinder-uebersee.de\/index.php?rest_route=%2Fwp%2Fv2%2Fcomments&post=827"}],"version-history":[{"count":3,"href":"https:\/\/wurzelkinder-uebersee.de\/index.php?rest_route=\/wp\/v2\/posts\/827\/revisions"}],"predecessor-version":[{"id":6291,"href":"https:\/\/wurzelkinder-uebersee.de\/index.php?rest_route=\/wp\/v2\/posts\/827\/revisions\/6291"}],"wp:featuredmedia":[{"embeddable":true,"href":"https:\/\/wurzelkinder-uebersee.de\/index.php?rest_route=\/wp\/v2\/media\/835"}],"wp:attachment":[{"href":"https:\/\/wurzelkinder-uebersee.de\/index.php?rest_route=%2Fwp%2Fv2%2Fmedia&parent=827"}],"wp:term":[{"taxonomy":"category","embeddable":true,"href":"https:\/\/wurzelkinder-uebersee.de\/index.php?rest_route=%2Fwp%2Fv2%2Fcategories&post=827"},{"taxonomy":"post_tag","embeddable":true,"href":"https:\/\/wurzelkinder-uebersee.de\/index.php?rest_route=%2Fwp%2Fv2%2Ftags&post=827"}],"curies":[{"name":"wp","href":"https:\/\/api.w.org\/{rel}","templated":true}]}}