{"id":843,"date":"2018-04-20T09:17:08","date_gmt":"2018-04-20T07:17:08","guid":{"rendered":"https:\/\/wurzelkinder-uebersee.de\/?p=843"},"modified":"2022-09-26T22:31:41","modified_gmt":"2022-09-26T20:31:41","slug":"wurzelkinder-befreien-wald-am-westerbuchberg-vom-muell","status":"publish","type":"post","link":"https:\/\/wurzelkinder-uebersee.de\/?p=843","title":{"rendered":"Wurzelkinder befreien Wald am Westerbuchberg vom M\u00fcll"},"content":{"rendered":"<p>Vergangene Woche fand auf Initiative der Kinderpflegepraktikantin Rebecca im Waldkindergarten \u00dcbersee eine Blockwoche zum Thema &#8220;M\u00fcll in unserem Wald\u201c statt. An ihren Praxistagen hatte sie beobachtet, dass die Kinder immer wieder M\u00fcll fanden und diesen auch gerne einsammelten. Den Kindern fiel auf, dass leider einige Menschen ihren M\u00fcll im Wald zu entsorgen scheinen oder diesen einfach achtlos liegen lassen. Die Kinder bemerkten gleich, dass dies f\u00fcr unseren Wald und vor allem f\u00fcr die Tiere im Wald nicht gut ist, da sich diese durch Dr\u00e4hte oder T\u00fcten verletzten k\u00f6nnen. Deshalb sprach das Kindergartenteam zu Beginn der Woche mit den Kindern \u00fcber M\u00fcll, M\u00fcllvermeidung, M\u00fcllentsorgung und weitere Zusammenh\u00e4nge.<\/p>\n<p>Am Mittwoch ging es dann endlich los mit der gro\u00dfen M\u00fcllsammelaktion am Westerbuchberg: Die Kinder kamen mit Eimern, Handschuhen und teilweise mit M\u00fcllgreifern ausger\u00fcstet in den Wald. Nach einem kurzen Morgenkreis in dem die M\u00fcllsammelaktion besprochen wurde, teilten sich die Kinder im zwei Gruppen auf. Die eine Gruppe ging vom Bringplatz \u00fcber den Sonnenplatz zum Bauwagen und die zweite Gruppe \u00fcber den Schwammerlplatz zum Chiemseeblick, um dort den herumliegenden M\u00fcll aufzusammeln. Flei\u00dfig starteten die Kinder und suchten jede Ecke ab, um m\u00f6glichst das gesamte Kindergartengel\u00e4nde (ca. 12 ha) vom M\u00fcll zu befreien.<\/p>\n<p><strong>Kinder fanden eine Anh\u00e4ngerkupplung, alte Bierkr\u00fcge und jede Menge Plastik<\/strong><\/p>\n<p>Neben \u00fcblichen M\u00fcllteilen wie alte Taschent\u00fccher, Scherben aus Glas und Porzellan sowie Papier und Plastik, das man ja leider allerorten findet, brachte die Aktion auch ungew\u00f6hnliche Funde zu Tage: Die Kinder und das Kindergartenteam fanden einen Schubkarrenreifen, ein altes Verkehrsschild, eine Anh\u00e4ngerkupplung, eine Plastikplane sowie alte Flaschen und Bierkr\u00fcge. Nat\u00fcrlich waren die Kinder m\u00e4chtig stolz darauf, wie viel M\u00fcll sie aus dem gro\u00dfen Waldgel\u00e4nde entfernt hatten. Die Anstrengung hatte sich also gelohnt und an diesem Tag verspeisten die Kinder ihre Brotzeit besonders gerne, um sich wieder zu st\u00e4rken. Danach hatten alle noch Zeit zum Spielen und um den gesammelten M\u00fcll zu begutachten. Zum Abschlusskreis wurde der M\u00fcll gut verpackt und anschlie\u00dfend zum Abholplatz getragen. Dieser wurde aufgeteilt auf kleine S\u00e4cke einigen Eltern mit nach Hause gegeben und dort privat entsorgt.<\/p>\n<p>Am Ende des Tages waren alle sehr froh und gl\u00fccklich, dass durch die Hilfe der 34 Wurzelkinder das Gel\u00e4nde am Westerbuchberg komplett vom M\u00fcll befreit werden konnte. Nachbereitend stellt das Kindergartenteam zusammen mit den Kindern Schilder her, die die Besucher des Waldes daran erinnern, ihren M\u00fcll wieder mit nach Hause zu nehmen und somit einen wichtigen Beitrag zum Umweltschutz zu leisten.<\/p>\n<p>Herzlichen Dank an Rebecca f\u00fcr die Idee zu dieser Aktion, allen Eltern, die privat den M\u00fcll aus dem Wald entsorgt haben und nat\u00fcrlich an alle Kinder, die mit Begeisterung dabei waren.<\/p>\n","protected":false},"excerpt":{"rendered":"<p>Vergangene Woche fand auf Initiative der Kinderpflegepraktikantin Rebecca im Waldkindergarten \u00dcbersee eine Blockwoche zum Thema &#8220;M\u00fcll in unserem Wald\u201c statt. An ihren Praxistagen hatte sie beobachtet, dass die Kinder immer wieder M\u00fcll fanden und diesen auch gerne einsammelten. Den Kindern fiel auf, dass leider einige Menschen ihren M\u00fcll im Wald zu entsorgen scheinen oder diesen &hellip; <a href=\"https:\/\/wurzelkinder-uebersee.de\/?p=843\" class=\"more-link\"><span class=\"screen-reader-text\">Wurzelkinder befreien Wald am Westerbuchberg vom M\u00fcll<\/span> weiterlesen<\/a><\/p>\n","protected":false},"author":3,"featured_media":844,"comment_status":"closed","ping_status":"closed","sticky":false,"template":"","format":"standard","meta":{"ngg_post_thumbnail":0},"categories":[4],"tags":[],"_links":{"self":[{"href":"https:\/\/wurzelkinder-uebersee.de\/index.php?rest_route=\/wp\/v2\/posts\/843"}],"collection":[{"href":"https:\/\/wurzelkinder-uebersee.de\/index.php?rest_route=\/wp\/v2\/posts"}],"about":[{"href":"https:\/\/wurzelkinder-uebersee.de\/index.php?rest_route=\/wp\/v2\/types\/post"}],"author":[{"embeddable":true,"href":"https:\/\/wurzelkinder-uebersee.de\/index.php?rest_route=\/wp\/v2\/users\/3"}],"replies":[{"embeddable":true,"href":"https:\/\/wurzelkinder-uebersee.de\/index.php?rest_route=%2Fwp%2Fv2%2Fcomments&post=843"}],"version-history":[{"count":1,"href":"https:\/\/wurzelkinder-uebersee.de\/index.php?rest_route=\/wp\/v2\/posts\/843\/revisions"}],"predecessor-version":[{"id":845,"href":"https:\/\/wurzelkinder-uebersee.de\/index.php?rest_route=\/wp\/v2\/posts\/843\/revisions\/845"}],"wp:featuredmedia":[{"embeddable":true,"href":"https:\/\/wurzelkinder-uebersee.de\/index.php?rest_route=\/wp\/v2\/media\/844"}],"wp:attachment":[{"href":"https:\/\/wurzelkinder-uebersee.de\/index.php?rest_route=%2Fwp%2Fv2%2Fmedia&parent=843"}],"wp:term":[{"taxonomy":"category","embeddable":true,"href":"https:\/\/wurzelkinder-uebersee.de\/index.php?rest_route=%2Fwp%2Fv2%2Fcategories&post=843"},{"taxonomy":"post_tag","embeddable":true,"href":"https:\/\/wurzelkinder-uebersee.de\/index.php?rest_route=%2Fwp%2Fv2%2Ftags&post=843"}],"curies":[{"name":"wp","href":"https:\/\/api.w.org\/{rel}","templated":true}]}}