{"id":850,"date":"2018-04-23T18:51:20","date_gmt":"2018-04-23T16:51:20","guid":{"rendered":"https:\/\/wurzelkinder-uebersee.de\/?p=850"},"modified":"2024-11-26T00:20:38","modified_gmt":"2024-11-25T23:20:38","slug":"wechsel-des-vereinsvorstandes-bei-den-wurzelkindern-e-v","status":"publish","type":"post","link":"https:\/\/wurzelkinder-uebersee.de\/?p=850","title":{"rendered":"Vereinsvorstand"},"content":{"rendered":"<p>Der Verein \u201eDie Wurzelkinder e.V.\u201c hat in seiner letzten Mitgliederversammlung Carola Schaffer zum ersten Vorstand gew\u00e4hlt. Sie repr\u00e4sentiert&nbsp; den Waldkindergarten \u00dcbersee und k\u00fcmmert sich um das Personal und die Verwaltung. Ihre Vertreterin und damit 2. Vorstand der Wurzelkinder e.V. ist <span style=\"font-size: revert; color: initial; font-family: -apple-system, BlinkMacSystemFont, 'Segoe UI', Roboto, Oxygen-Sans, Ubuntu, Cantarell, 'Helvetica Neue', sans-serif;\">Katha Sandmayer. <\/span><span style=\"font-size: revert; color: initial; font-family: -apple-system, BlinkMacSystemFont, 'Segoe UI', Roboto, Oxygen-Sans, Ubuntu, Cantarell, 'Helvetica Neue', sans-serif;\">Sie organisiert alles rund um die Sicherheit im Waldkindergarten und den Arbeitsschutz.&nbsp;<\/span><\/p>\n<p>Weitere Mitglieder im Vorstand sind Martina Enzwieser (Kassier), Sandra W\u00f6hrer (Schriftf\u00fchrerin) sowie Alexander Wei\u00dfer. Nicht nur die Aufgaben sind wohl durchdacht verteilt. Die Vorstandsmitglieder haben sich bereits Gedanken \u00fcber zuk\u00fcnftige Projekte gemacht, die den Kindergarten weiter voranbringen.&nbsp;<\/p>\n<p>Der Waldkindergarten \u00dcbersee bietet mit zwei Bauw\u00e4gen, einem Tipi, Werkb\u00e4nken, Schaukeln und H\u00e4ngematten in den B\u00e4umen eine wunderbare Umgebung f\u00fcr alle Kinder, die gerne drau\u00dfen sind. Derzeit besuchen ca. 37 Kinder in zwei Gruppen den Kindergarten.&nbsp;<\/p>\n<p>E-Mail Vorstand: <a href=\"mailto:vorstand@wurzelkinder-uebersee.de\">vorstand@wurzelkinder-uebersee.de<\/a><\/p>\n","protected":false},"excerpt":{"rendered":"<p>Der Verein \u201eDie Wurzelkinder e.V.\u201c hat in seiner letzten Mitgliederversammlung Carola Schaffer zum ersten Vorstand gew\u00e4hlt. Sie repr\u00e4sentiert&nbsp; den Waldkindergarten \u00dcbersee und k\u00fcmmert sich um das Personal und die Verwaltung. Ihre Vertreterin und damit 2. Vorstand der Wurzelkinder e.V. ist Katha Sandmayer. Sie organisiert alles rund um die Sicherheit im Waldkindergarten und den Arbeitsschutz.&nbsp; Weitere &hellip; <a href=\"https:\/\/wurzelkinder-uebersee.de\/?p=850\" class=\"more-link\"><span class=\"screen-reader-text\">Vereinsvorstand<\/span> weiterlesen<\/a><\/p>\n","protected":false},"author":3,"featured_media":374,"comment_status":"closed","ping_status":"closed","sticky":false,"template":"","format":"standard","meta":{"ngg_post_thumbnail":0},"categories":[28],"tags":[],"_links":{"self":[{"href":"https:\/\/wurzelkinder-uebersee.de\/index.php?rest_route=\/wp\/v2\/posts\/850"}],"collection":[{"href":"https:\/\/wurzelkinder-uebersee.de\/index.php?rest_route=\/wp\/v2\/posts"}],"about":[{"href":"https:\/\/wurzelkinder-uebersee.de\/index.php?rest_route=\/wp\/v2\/types\/post"}],"author":[{"embeddable":true,"href":"https:\/\/wurzelkinder-uebersee.de\/index.php?rest_route=\/wp\/v2\/users\/3"}],"replies":[{"embeddable":true,"href":"https:\/\/wurzelkinder-uebersee.de\/index.php?rest_route=%2Fwp%2Fv2%2Fcomments&post=850"}],"version-history":[{"count":8,"href":"https:\/\/wurzelkinder-uebersee.de\/index.php?rest_route=\/wp\/v2\/posts\/850\/revisions"}],"predecessor-version":[{"id":6916,"href":"https:\/\/wurzelkinder-uebersee.de\/index.php?rest_route=\/wp\/v2\/posts\/850\/revisions\/6916"}],"wp:featuredmedia":[{"embeddable":true,"href":"https:\/\/wurzelkinder-uebersee.de\/index.php?rest_route=\/wp\/v2\/media\/374"}],"wp:attachment":[{"href":"https:\/\/wurzelkinder-uebersee.de\/index.php?rest_route=%2Fwp%2Fv2%2Fmedia&parent=850"}],"wp:term":[{"taxonomy":"category","embeddable":true,"href":"https:\/\/wurzelkinder-uebersee.de\/index.php?rest_route=%2Fwp%2Fv2%2Fcategories&post=850"},{"taxonomy":"post_tag","embeddable":true,"href":"https:\/\/wurzelkinder-uebersee.de\/index.php?rest_route=%2Fwp%2Fv2%2Ftags&post=850"}],"curies":[{"name":"wp","href":"https:\/\/api.w.org\/{rel}","templated":true}]}}