{"id":8542,"date":"2023-10-16T11:06:53","date_gmt":"2023-10-16T09:06:53","guid":{"rendered":"https:\/\/wurzelkinder-uebersee.de\/?p=8542"},"modified":"2024-03-08T08:21:45","modified_gmt":"2024-03-08T07:21:45","slug":"besuch-von-der-bergwacht","status":"publish","type":"post","link":"https:\/\/wurzelkinder-uebersee.de\/?p=8542","title":{"rendered":"Besuch von der Bergwacht"},"content":{"rendered":"\n<p>Am 11. Okt. 2023 war ein besonderer Tag bei den \u201eWurzelkindern\u201c in \u00dcbersee. Heute besuchte uns Christoph Frei von der Bergwacht Grassau im Wald.<\/p>\n\n\n\n<p>Er kam mit einem gel\u00e4ndeg\u00e4ngigen Spezialfahrzeug, welches die Kinder genau unter die Lupe nehmen durften. Na, wie hie\u00df es nochmal? Die \u201eWurzelkinder\u201c wissen es bestimmt immer noch. Dabei wurden schon die ersten Fragen gekl\u00e4rt, wozu z.B. die Reifen mit dem dicken Profil gut sind oder wozu der Abschlepphaken gebraucht wird\u2026<\/p>\n\n\n\n<p>Nachdem sich jedes Kind auch einmal auf das Fahrzeug setzen durfte, trafen wir uns im Gespr\u00e4chskreis und fragten Christoph alles, was uns zum Thema Bergwacht einfiel.<\/p>\n\n\n\n<p>Es wurde gekl\u00e4rt, wie die Mitglieder der Bergwacht miteinander kommunizieren, welche Fahrzeuge und Hubschrauber zur Rettung zur Verf\u00fcgung stehen, welche Aufgaben die Bergwacht hat und was so alles in einem Bergwachtrucksack Platz hat\u2026 abgesehen von gaaaanz vui Leberkas-Semmeln.<\/p>\n\n\n\n<p>Unter anderem waren darin Verb\u00e4nde, mit denen Christoph demonstrierte, wie z.B. ein Kopfverband angelegt oder wie ein gebrochener Arm geschient werden w\u00fcrde. Unter den Kindern fanden sich viele Freiwillige, die sich gerne verarzten lie\u00dfen.<\/p>\n\n\n\n<p>Zum Abschluss durften die Kinder noch gemeinsam mit Erwachsenen die Seilwinde ausprobieren und nat\u00fcrlich musste auch mal getestet werden, wie laut so eine Bergwachthupe am Fahrzeug sein kann.<\/p>\n\n\n\n<p>Wir danken Christoph sehr herzlich f\u00fcr seinen \u201eSpezialeinsatz\u201c im Waldkindergarten am Westerbuchberg, bei dem er den Kindern auf anschauliche Weise die Arbeit der Bergwacht n\u00e4herbrachte.<\/p>\n","protected":false},"excerpt":{"rendered":"<p>Am 11. Okt. 2023 war ein besonderer Tag bei den \u201eWurzelkindern\u201c in \u00dcbersee. Heute besuchte uns Christoph Frei von der Bergwacht Grassau im Wald. Er kam mit einem gel\u00e4ndeg\u00e4ngigen Spezialfahrzeug, welches die Kinder genau unter die Lupe nehmen durften. Na, wie hie\u00df es nochmal? Die \u201eWurzelkinder\u201c wissen es bestimmt immer noch. Dabei wurden schon die &hellip; <a href=\"https:\/\/wurzelkinder-uebersee.de\/?p=8542\" class=\"more-link\"><span class=\"screen-reader-text\">Besuch von der Bergwacht<\/span> weiterlesen<\/a><\/p>\n","protected":false},"author":3,"featured_media":8543,"comment_status":"closed","ping_status":"closed","sticky":false,"template":"","format":"standard","meta":{"ngg_post_thumbnail":0},"categories":[4],"tags":[],"_links":{"self":[{"href":"https:\/\/wurzelkinder-uebersee.de\/index.php?rest_route=\/wp\/v2\/posts\/8542"}],"collection":[{"href":"https:\/\/wurzelkinder-uebersee.de\/index.php?rest_route=\/wp\/v2\/posts"}],"about":[{"href":"https:\/\/wurzelkinder-uebersee.de\/index.php?rest_route=\/wp\/v2\/types\/post"}],"author":[{"embeddable":true,"href":"https:\/\/wurzelkinder-uebersee.de\/index.php?rest_route=\/wp\/v2\/users\/3"}],"replies":[{"embeddable":true,"href":"https:\/\/wurzelkinder-uebersee.de\/index.php?rest_route=%2Fwp%2Fv2%2Fcomments&post=8542"}],"version-history":[{"count":1,"href":"https:\/\/wurzelkinder-uebersee.de\/index.php?rest_route=\/wp\/v2\/posts\/8542\/revisions"}],"predecessor-version":[{"id":8544,"href":"https:\/\/wurzelkinder-uebersee.de\/index.php?rest_route=\/wp\/v2\/posts\/8542\/revisions\/8544"}],"wp:featuredmedia":[{"embeddable":true,"href":"https:\/\/wurzelkinder-uebersee.de\/index.php?rest_route=\/wp\/v2\/media\/8543"}],"wp:attachment":[{"href":"https:\/\/wurzelkinder-uebersee.de\/index.php?rest_route=%2Fwp%2Fv2%2Fmedia&parent=8542"}],"wp:term":[{"taxonomy":"category","embeddable":true,"href":"https:\/\/wurzelkinder-uebersee.de\/index.php?rest_route=%2Fwp%2Fv2%2Fcategories&post=8542"},{"taxonomy":"post_tag","embeddable":true,"href":"https:\/\/wurzelkinder-uebersee.de\/index.php?rest_route=%2Fwp%2Fv2%2Ftags&post=8542"}],"curies":[{"name":"wp","href":"https:\/\/api.w.org\/{rel}","templated":true}]}}