{"id":8559,"date":"2023-11-28T08:26:31","date_gmt":"2023-11-28T07:26:31","guid":{"rendered":"https:\/\/wurzelkinder-uebersee.de\/?p=8559"},"modified":"2024-03-08T08:21:45","modified_gmt":"2024-03-08T07:21:45","slug":"10-jahre-st-martin-bei-den-wurzelkindern","status":"publish","type":"post","link":"https:\/\/wurzelkinder-uebersee.de\/?p=8559","title":{"rendered":"10 Jahre St. Martin bei den Wurzelkindern"},"content":{"rendered":"\n<p>Nun ist es schon 10 Jahre her, seit dem am Westerbuchberg das erste Martins-Fest stattfand. Wie jedes Jahr freuten sich die Kinder, das Team und auch die Verwandtschaft der \u201eWurzelkinder\u201c bereits Wochen im Voraus auf dieses wundersch\u00f6ne und stimmungsvolle Fest am \u201eSchwammerlplatz\u201c.<\/p>\n\n\n\n<p>Die Kinder haben wieder ein Martins-Spiel geprobt und sich auch wieder neue Rollen, f\u00fcr das j\u00e4hrlich wachsende St. Martins-St\u00fcck \u00fcberlegt. So wurde dieses Jahr die Premiere des Mondes und der Turmuhr in der Auff\u00fchrung gefeiert. Flei\u00dfig und motiviert \u00fcbten beide Gruppen zusammen die Auff\u00fchrung.<\/p>\n\n\n\n<p>Am 10. November war es dann endlich soweit und es versammelten sich die Kinder, das Team, Verwandtschaft und so manche ehemaligen Wurzelkinder beim \u201eX-Gloo\u201c, von wo aus der Martins-Zug gestartet wurde. Singend und mit Laternen bepackt marschierte die lange Schlange gemeinsam \u00fcber den mit Kerzen ausgeleuchteten Kirchweg hin\u00fcber zum \u201eSchwammerplatz\u201c, wo uns eine wundersch\u00f6ne Kulisse aus Kerzenschein, D\u00e4mmerung und dichter werdendem Wald in Empfang nahm. Aufgeregt begaben sich die Kinder auf die jeweiligen Pl\u00e4tze f\u00fcr die Auff\u00fchrung, zogen ihre Kost\u00fcme an und bereiteten sich auf ihren gro\u00dfen Auftritt vor.<\/p>\n\n\n\n<p>Nachdem Annabelles Mundharmonika das Startsignal gab, sprach zun\u00e4chst Anja, die Leitung, ein paar einf\u00fchrende Worte, bevor es zum Highlight des Tages kam und die Menge gespannt verstummte, um dem Martins-Spiel der Kinder zu folgen. Die Kinder spielten wie kleine Schauspieler die Geschichte des Martins nach und zwischendurch sangen die Wurzelkinder unter der musikalischen Begleitung von Rosmaries Gitarre die verschiedenen Strophen von dem Lied \u201eSt. Martin ritt durch Schnee und Wind\u201c, inklusive etlicher, \u00fcber die Jahre vom Team dazu gedichteten Strophen. Einige Kinder unterstrichen das Schauspiel der anderen Kinder mit verschiedenen Instrumenten, wie beispielsweise Klangh\u00f6lzer f\u00fcr die Pferde Schritte. Zum Abschluss sang der \u201eWurzelkinder\u201c- Chor noch das Lied \u201eKleine Laterne\u201c und das Schauspiel endete unter dem Applaus der Menge.<\/p>\n\n\n\n<p>Im Anschluss wurden noch die vom Herrn B\u00fcrgermeister Herbert Strauch gespendeten Martins-G\u00e4nse an die Kinder und die Geschwisterkinder verteilt und der Abend klang gem\u00fctlich bei Punsch, Ratsch und Spiel aus. Vielen Dank auch f\u00fcr das Engagement des Elternbeirates.<\/p>\n","protected":false},"excerpt":{"rendered":"<p>Nun ist es schon 10 Jahre her, seit dem am Westerbuchberg das erste Martins-Fest stattfand. Wie jedes Jahr freuten sich die Kinder, das Team und auch die Verwandtschaft der \u201eWurzelkinder\u201c bereits Wochen im Voraus auf dieses wundersch\u00f6ne und stimmungsvolle Fest am \u201eSchwammerlplatz\u201c. Die Kinder haben wieder ein Martins-Spiel geprobt und sich auch wieder neue Rollen, &hellip; <a href=\"https:\/\/wurzelkinder-uebersee.de\/?p=8559\" class=\"more-link\"><span class=\"screen-reader-text\">10 Jahre St. Martin bei den Wurzelkindern<\/span> weiterlesen<\/a><\/p>\n","protected":false},"author":3,"featured_media":8560,"comment_status":"closed","ping_status":"closed","sticky":false,"template":"","format":"standard","meta":{"ngg_post_thumbnail":0},"categories":[4],"tags":[],"_links":{"self":[{"href":"https:\/\/wurzelkinder-uebersee.de\/index.php?rest_route=\/wp\/v2\/posts\/8559"}],"collection":[{"href":"https:\/\/wurzelkinder-uebersee.de\/index.php?rest_route=\/wp\/v2\/posts"}],"about":[{"href":"https:\/\/wurzelkinder-uebersee.de\/index.php?rest_route=\/wp\/v2\/types\/post"}],"author":[{"embeddable":true,"href":"https:\/\/wurzelkinder-uebersee.de\/index.php?rest_route=\/wp\/v2\/users\/3"}],"replies":[{"embeddable":true,"href":"https:\/\/wurzelkinder-uebersee.de\/index.php?rest_route=%2Fwp%2Fv2%2Fcomments&post=8559"}],"version-history":[{"count":1,"href":"https:\/\/wurzelkinder-uebersee.de\/index.php?rest_route=\/wp\/v2\/posts\/8559\/revisions"}],"predecessor-version":[{"id":8561,"href":"https:\/\/wurzelkinder-uebersee.de\/index.php?rest_route=\/wp\/v2\/posts\/8559\/revisions\/8561"}],"wp:featuredmedia":[{"embeddable":true,"href":"https:\/\/wurzelkinder-uebersee.de\/index.php?rest_route=\/wp\/v2\/media\/8560"}],"wp:attachment":[{"href":"https:\/\/wurzelkinder-uebersee.de\/index.php?rest_route=%2Fwp%2Fv2%2Fmedia&parent=8559"}],"wp:term":[{"taxonomy":"category","embeddable":true,"href":"https:\/\/wurzelkinder-uebersee.de\/index.php?rest_route=%2Fwp%2Fv2%2Fcategories&post=8559"},{"taxonomy":"post_tag","embeddable":true,"href":"https:\/\/wurzelkinder-uebersee.de\/index.php?rest_route=%2Fwp%2Fv2%2Ftags&post=8559"}],"curies":[{"name":"wp","href":"https:\/\/api.w.org\/{rel}","templated":true}]}}