{"id":91,"date":"2017-10-01T18:56:09","date_gmt":"2017-10-01T16:56:09","guid":{"rendered":"http:\/\/wurzelkinder-uebersee.de\/?p=91"},"modified":"2022-10-02T10:48:08","modified_gmt":"2022-10-02T08:48:08","slug":"buchungszeiten-und-kosten","status":"publish","type":"post","link":"https:\/\/wurzelkinder-uebersee.de\/?p=91","title":{"rendered":"Buchungszeiten und -kosten"},"content":{"rendered":"<p style=\"text-align: left;\">\n<table id=\"tablepress-5\" class=\"tablepress tablepress-id-5\">\n<tbody>\n<tr class=\"row-1 odd\">\n\t<td class=\"column-1\"><strong>\u00d6ffnungszeiten:<\/strong><\/td><td class=\"column-2\"><\/td><td class=\"column-3\"><\/td>\n<\/tr>\n<tr class=\"row-2 even\">\n\t<td class=\"column-1\">Montag &amp; Mittwoch<\/td><td class=\"column-2\">7:30 Uhr  bis 14:00 Uhr<\/td><td class=\"column-3\"><\/td>\n<\/tr>\n<tr class=\"row-3 odd\">\n\t<td class=\"column-1\">Dienstag &amp; Donnerstag<\/td><td class=\"column-2\">7:30 Uhr  bis 15:00 Uhr<\/td><td class=\"column-3\"><\/td>\n<\/tr>\n<tr class=\"row-4 even\">\n\t<td class=\"column-1\">Freitag<\/td><td class=\"column-2\">7:30 Uhr  bis 13:00 Uhr<\/td><td class=\"column-3\"><\/td>\n<\/tr>\n<tr class=\"row-5 odd\">\n\t<td class=\"column-1\">Sp\u00e4teste Bringzeit:<\/td><td class=\"column-2\">8:00 Uhr <\/td><td class=\"column-3\"><\/td>\n<\/tr>\n<tr class=\"row-6 even\">\n\t<td class=\"column-1\"><\/td><td class=\"column-2\"><\/td><td class=\"column-3\"><\/td>\n<\/tr>\n<tr class=\"row-7 odd\">\n\t<td class=\"column-1\"><strong>Buchungskategorien:<\/strong><\/td><td class=\"column-2\"><\/td><td class=\"column-3\"><\/td>\n<\/tr>\n<tr class=\"row-8 even\">\n\t<td class=\"column-1\">Buchungszeit:<\/td><td class=\"column-2\">* Kind ab 3 Jahre:<\/td><td class=\"column-3\">** Kind unter 3 Jahre:<\/td>\n<\/tr>\n<tr class=\"row-9 odd\">\n\t<td class=\"column-1\">2 bis 3 Stunden<br \/>\n(Split-Platz, nur nach Verf\u00fcgbarkeit, bei unter 3 Jahren)<\/td><td class=\"column-2\">xxx<\/td><td class=\"column-3\">177,00 \u20ac<\/td>\n<\/tr>\n<tr class=\"row-10 even\">\n\t<td class=\"column-1\">3 bis 4 Stunden<\/td><td class=\"column-2\">107,00 \u20ac<\/td><td class=\"column-3\">197,00 \u20ac<\/td>\n<\/tr>\n<tr class=\"row-11 odd\">\n\t<td class=\"column-1\">4 bis 5 Stunden<br \/>\n(ca. 4 Vormittage)<\/td><td class=\"column-2\">117,00 \u20ac<\/td><td class=\"column-3\">207,00 \u20ac<\/td>\n<\/tr>\n<tr class=\"row-12 even\">\n\t<td class=\"column-1\">5 bis 6 Stunden<br \/>\n(5 Vormittage)<\/td><td class=\"column-2\">127,00 \u20ac<\/td><td class=\"column-3\">227,00 \u20ac<\/td>\n<\/tr>\n<tr class=\"row-13 odd\">\n\t<td class=\"column-1\">6 bis 7 Sunden<br \/>\n(1 oder 2 Gruppen-nachmittage)<\/td><td class=\"column-2\">138,00 \u20ac<\/td><td class=\"column-3\">267,00 \u20ac<\/td>\n<\/tr>\n<tr class=\"row-14 even\">\n\t<td class=\"column-1\"><\/td><td class=\"column-2\"><\/td><td class=\"column-3\"><\/td>\n<\/tr>\n<tr class=\"row-15 odd\">\n\t<td class=\"column-1\"><strong>Zusatzbeitr\u00e4ge:<\/strong><\/td><td class=\"column-2\"><\/td><td class=\"column-3\"><\/td>\n<\/tr>\n<tr class=\"row-16 even\">\n\t<td class=\"column-1\">Materialgeld<br \/>\nEssensgeld<\/td><td class=\"column-2\">7,00 \u20ac<br \/>\n16,00 \u20ac<\/td><td class=\"column-3\">7,00 \u20ac<br \/>\n16,00 \u20ac<\/td>\n<\/tr>\n<tr class=\"row-17 odd\">\n\t<td class=\"column-1\">Arbeitsdienst<\/td><td class=\"column-2\">Infos siehe unten<\/td><td class=\"column-3\">Infos siehe unten<\/td>\n<\/tr>\n<\/tbody>\n<\/table>\n<!-- #tablepress-5 from cache --><\/p>\n\n\n<p>* Ab dem 1. September des Kalenderjahres, in dem das Kind das dritte Lebensjahr vollendet, leistet der Freistaat Bayern bis zum Schulbesuch des Kindes einen Zuschuss zum Grundbeitrag in H\u00f6he von maximal 100 Euro pro Kind und Monat. Der monatliche Grundbeitrag wird entsprechend reduziert.<\/p>\n\n\n\n<p>** Zus\u00e4tzlich zum Beitragszuschuss f\u00fcr die gesamte Kindergartenzeit hat der Freistaat Bayern das Bayerische Krippengeld mit Wirkung zum 1. Januar 2020 eingef\u00fchrt. Damit werden Eltern bereits ab dem ersten Geburtstag ihres Kindes mit monatlich bis zu 100 Euro pro Kind bei den Elternbeitr\u00e4gen entlastet, wenn sie diese tats\u00e4chlich tragen. Das Leistungsende des Bayerischen Krippengeldes ist unmittelbar an den Beitragszuschuss f\u00fcr die gesamte Kindergartenzeit gekoppelt. Das Bayerische Krippengeld erhalten nur Eltern, deren Einkommen eine bestimmte haushaltsbezogene Einkommensgrenze nicht \u00fcbersteigt. Das Krippengeld kann muss von den Eltern selbst beantrag werden, n\u00e4here Informationen finden Sie <a href=\"https:\/\/www.stmas.bayern.de\/kinderbetreuung\/finanzierung\/index.php\" target=\"_blank\" rel=\"noreferrer noopener\">hier<\/a>.<\/p>\n\n\n\n<h2>Arbeitsdienst<\/h2>\n\n\n\n<p>Unser Waldkindergarten wurde aus einer Elterninitiative gegr\u00fcndet und d.h. wir sind auf die Hilfe der Eltern angewiesen. <\/p>\n\n\n\n<p><strong>Verpflichtend sind:<\/strong><\/p>\n\n\n\n<ul><li>20 Stunden pro Elternpaar, im laufenden Kindergartenjahr \/ Alleinerziehende 10 Stunden<\/li><li>2 Waldaktionstage pro Kindergartenjahr<br><\/li><\/ul>\n\n\n\n<p>Ihr fragt euch bestimmt, was da alles so an Arbeit anf\u00e4llt, u.a.:<\/p>\n\n\n\n<ul><li>Wasserdienste<\/li><li>Materialfahrten zum Bauwagen<\/li><li>Bauwagen reinigen<\/li><li>Wald- &amp; Handwerksarbeiten<\/li><li>Schnee r\u00e4umen\/streuen am Parkplatz und zum X-Gloo<\/li><li>Klamotten waschen<\/li><li>Kuchen backen &amp; Verkauf (Dorfmarkt &amp; Christkindlmarkt)<\/li><li>EDV\/ Homepage \/ \u00d6ffentlichkeitsarbeit <\/li><li>Gartenarbeiten im Waldgarten<\/li><li>uvm.<\/li><\/ul>\n\n\n\n<p><\/p>\n","protected":false},"excerpt":{"rendered":"<p>* Ab dem 1. September des Kalenderjahres, in dem das Kind das dritte Lebensjahr vollendet, leistet der Freistaat Bayern bis zum Schulbesuch des Kindes einen Zuschuss zum Grundbeitrag in H\u00f6he von maximal 100 Euro pro Kind und Monat. Der monatliche Grundbeitrag wird entsprechend reduziert. ** Zus\u00e4tzlich zum Beitragszuschuss f\u00fcr die gesamte Kindergartenzeit hat der Freistaat &hellip; <a href=\"https:\/\/wurzelkinder-uebersee.de\/?p=91\" class=\"more-link\"><span class=\"screen-reader-text\">Buchungszeiten und -kosten<\/span> weiterlesen<\/a><\/p>\n","protected":false},"author":1,"featured_media":30,"comment_status":"closed","ping_status":"closed","sticky":false,"template":"","format":"standard","meta":{"ngg_post_thumbnail":0},"categories":[15],"tags":[],"_links":{"self":[{"href":"https:\/\/wurzelkinder-uebersee.de\/index.php?rest_route=\/wp\/v2\/posts\/91"}],"collection":[{"href":"https:\/\/wurzelkinder-uebersee.de\/index.php?rest_route=\/wp\/v2\/posts"}],"about":[{"href":"https:\/\/wurzelkinder-uebersee.de\/index.php?rest_route=\/wp\/v2\/types\/post"}],"author":[{"embeddable":true,"href":"https:\/\/wurzelkinder-uebersee.de\/index.php?rest_route=\/wp\/v2\/users\/1"}],"replies":[{"embeddable":true,"href":"https:\/\/wurzelkinder-uebersee.de\/index.php?rest_route=%2Fwp%2Fv2%2Fcomments&post=91"}],"version-history":[{"count":19,"href":"https:\/\/wurzelkinder-uebersee.de\/index.php?rest_route=\/wp\/v2\/posts\/91\/revisions"}],"predecessor-version":[{"id":10450,"href":"https:\/\/wurzelkinder-uebersee.de\/index.php?rest_route=\/wp\/v2\/posts\/91\/revisions\/10450"}],"wp:featuredmedia":[{"embeddable":true,"href":"https:\/\/wurzelkinder-uebersee.de\/index.php?rest_route=\/wp\/v2\/media\/30"}],"wp:attachment":[{"href":"https:\/\/wurzelkinder-uebersee.de\/index.php?rest_route=%2Fwp%2Fv2%2Fmedia&parent=91"}],"wp:term":[{"taxonomy":"category","embeddable":true,"href":"https:\/\/wurzelkinder-uebersee.de\/index.php?rest_route=%2Fwp%2Fv2%2Fcategories&post=91"},{"taxonomy":"post_tag","embeddable":true,"href":"https:\/\/wurzelkinder-uebersee.de\/index.php?rest_route=%2Fwp%2Fv2%2Ftags&post=91"}],"curies":[{"name":"wp","href":"https:\/\/api.w.org\/{rel}","templated":true}]}}