{"id":93,"date":"2015-02-01T19:01:47","date_gmt":"2015-02-01T18:01:47","guid":{"rendered":"http:\/\/wurzelkinder-uebersee.de\/?p=93"},"modified":"2022-09-26T22:59:28","modified_gmt":"2022-09-26T20:59:28","slug":"gelaende-bringplatz-schutzraum","status":"publish","type":"post","link":"https:\/\/wurzelkinder-uebersee.de\/?p=93","title":{"rendered":"Unser Gel\u00e4nde"},"content":{"rendered":"<p>Das Kindergartengel\u00e4nde umfasst 12 ha Wald am Westerbuchberg in \u00dcbersee.<\/p>\n<p><strong>Bringplatz<\/strong><br>Parkplatz Wessener Stra\u00dfe 17<br>(gegen\u00fcber des Hauses Wessener Stra\u00dfe 14), 83236 \u00dcbersee<\/p>\n<p><strong>Schutzraum<\/strong><br>Sportheim des <a href=\"http:\/\/www.tsv-uebersee.de\/\" target=\"_blank\" rel=\"noopener\"><strong>TSV \u00dcbersee<\/strong><\/a><br>Kramerstra\u00dfe 8, 83236 \u00dcbersee<\/p>\n<p>Erfahrungsgem\u00e4\u00df wird der Schutzraum an nicht mehr wie 5 Tagen pro Jahr ben\u00f6tigt.<\/p>\n<p><strong>Pl\u00e4tze im Wald<\/strong><\/p>\n<ul>\n<li><strong>X-Gloo<\/strong> &#8211; Bring- &amp; Abholplatz<\/li>\n<li><strong>H\u00fctterl<\/strong> &#8211; sonniger Hang mit sch\u00f6ner Wiese und Platz zum buddeln, hier kann man in Winter sogar Poprutscherl fahren<\/li>\n<li><strong>Sonnenplatz<\/strong> &#8211; hier ist alles m\u00f6glich. Klettern, Wasser pritscheln, werkeln in der Werkstatt, Versteck spielen, uvm.<\/li>\n<li><strong>Bauwagen<\/strong> &#8211; bietet in den Wintermonaten die M\u00f6glichkeit sich aufzuw\u00e4rmen und auszuruhen, Kletterb\u00e4ume, Feuerstelle f\u00fcr projektbezogenes Kochen<\/li>\n<li><strong>Chiemseeblick<\/strong> &#8211; Tipi, Schaukel, Musik, tolle Aussicht<\/li>\n<li><strong>Schwammerlplatz<\/strong> &#8211; Matschrutsche, Fu\u00dfball- &amp; Goldsch\u00fcrfplatz<\/li>\n<\/ul>\n<p>&nbsp;<\/p>\n\n\n<figure class=\"wp-block-gallery columns-3 is-cropped\"><ul class=\"blocks-gallery-grid\"><li class=\"blocks-gallery-item\"><figure><a href=\"https:\/\/wurzelkinder-uebersee.de\/wp-content\/uploads\/2021\/09\/Wurzelkinder_Uebersee_Sonnenplatz_2021.jpg\"><img loading=\"lazy\" width=\"1024\" height=\"633\" src=\"https:\/\/wurzelkinder-uebersee.de\/wp-content\/uploads\/2021\/09\/Wurzelkinder_Uebersee_Sonnenplatz_2021-1024x633.jpg\" alt=\"\" data-id=\"4926\" data-full-url=\"https:\/\/wurzelkinder-uebersee.de\/wp-content\/uploads\/2021\/09\/Wurzelkinder_Uebersee_Sonnenplatz_2021.jpg\" data-link=\"https:\/\/wurzelkinder-uebersee.de\/?attachment_id=4926\" class=\"wp-image-4926\" srcset=\"https:\/\/wurzelkinder-uebersee.de\/wp-content\/uploads\/2021\/09\/Wurzelkinder_Uebersee_Sonnenplatz_2021-1024x633.jpg 1024w, https:\/\/wurzelkinder-uebersee.de\/wp-content\/uploads\/2021\/09\/Wurzelkinder_Uebersee_Sonnenplatz_2021-300x185.jpg 300w, https:\/\/wurzelkinder-uebersee.de\/wp-content\/uploads\/2021\/09\/Wurzelkinder_Uebersee_Sonnenplatz_2021-768x475.jpg 768w, https:\/\/wurzelkinder-uebersee.de\/wp-content\/uploads\/2021\/09\/Wurzelkinder_Uebersee_Sonnenplatz_2021-1536x950.jpg 1536w, https:\/\/wurzelkinder-uebersee.de\/wp-content\/uploads\/2021\/09\/Wurzelkinder_Uebersee_Sonnenplatz_2021-825x510.jpg 825w, https:\/\/wurzelkinder-uebersee.de\/wp-content\/uploads\/2021\/09\/Wurzelkinder_Uebersee_Sonnenplatz_2021.jpg 1650w\" sizes=\"(max-width: 1024px) 100vw, 1024px\" \/><\/a><\/figure><\/li><li class=\"blocks-gallery-item\"><figure><a href=\"https:\/\/wurzelkinder-uebersee.de\/wp-content\/uploads\/2021\/09\/Wurzelkinder_Uebersee_Erntedank_2021.jpg\"><img loading=\"lazy\" width=\"1024\" height=\"633\" src=\"https:\/\/wurzelkinder-uebersee.de\/wp-content\/uploads\/2021\/09\/Wurzelkinder_Uebersee_Erntedank_2021-1024x633.jpg\" alt=\"\" data-id=\"4924\" data-full-url=\"https:\/\/wurzelkinder-uebersee.de\/wp-content\/uploads\/2021\/09\/Wurzelkinder_Uebersee_Erntedank_2021.jpg\" data-link=\"https:\/\/wurzelkinder-uebersee.de\/?attachment_id=4924\" class=\"wp-image-4924\" srcset=\"https:\/\/wurzelkinder-uebersee.de\/wp-content\/uploads\/2021\/09\/Wurzelkinder_Uebersee_Erntedank_2021-1024x633.jpg 1024w, https:\/\/wurzelkinder-uebersee.de\/wp-content\/uploads\/2021\/09\/Wurzelkinder_Uebersee_Erntedank_2021-300x185.jpg 300w, https:\/\/wurzelkinder-uebersee.de\/wp-content\/uploads\/2021\/09\/Wurzelkinder_Uebersee_Erntedank_2021-768x475.jpg 768w, https:\/\/wurzelkinder-uebersee.de\/wp-content\/uploads\/2021\/09\/Wurzelkinder_Uebersee_Erntedank_2021-1536x950.jpg 1536w, https:\/\/wurzelkinder-uebersee.de\/wp-content\/uploads\/2021\/09\/Wurzelkinder_Uebersee_Erntedank_2021-825x510.jpg 825w, https:\/\/wurzelkinder-uebersee.de\/wp-content\/uploads\/2021\/09\/Wurzelkinder_Uebersee_Erntedank_2021.jpg 1650w\" sizes=\"(max-width: 1024px) 100vw, 1024px\" \/><\/a><\/figure><\/li><li class=\"blocks-gallery-item\"><figure><a href=\"https:\/\/wurzelkinder-uebersee.de\/wp-content\/uploads\/2020\/09\/Wurzelkinder_Bild_09_2020.jpg\"><img loading=\"lazy\" width=\"1024\" height=\"805\" src=\"https:\/\/wurzelkinder-uebersee.de\/wp-content\/uploads\/2020\/09\/Wurzelkinder_Bild_09_2020-1024x805.jpg\" alt=\"\" data-id=\"4558\" data-full-url=\"https:\/\/wurzelkinder-uebersee.de\/wp-content\/uploads\/2020\/09\/Wurzelkinder_Bild_09_2020.jpg\" data-link=\"https:\/\/wurzelkinder-uebersee.de\/?attachment_id=4558\" class=\"wp-image-4558\" srcset=\"https:\/\/wurzelkinder-uebersee.de\/wp-content\/uploads\/2020\/09\/Wurzelkinder_Bild_09_2020-1024x805.jpg 1024w, https:\/\/wurzelkinder-uebersee.de\/wp-content\/uploads\/2020\/09\/Wurzelkinder_Bild_09_2020-300x236.jpg 300w, https:\/\/wurzelkinder-uebersee.de\/wp-content\/uploads\/2020\/09\/Wurzelkinder_Bild_09_2020-768x604.jpg 768w\" sizes=\"(max-width: 1024px) 100vw, 1024px\" \/><\/a><\/figure><\/li><li class=\"blocks-gallery-item\"><figure><a href=\"https:\/\/wurzelkinder-uebersee.de\/wp-content\/uploads\/2019\/12\/IMG_4281.jpeg-nggid042844-ngg0dyn-480x320x100-00f0w010c011r110f110r010t010.jpeg\"><img loading=\"lazy\" width=\"480\" height=\"320\" src=\"https:\/\/wurzelkinder-uebersee.de\/wp-content\/uploads\/2019\/12\/IMG_4281.jpeg-nggid042844-ngg0dyn-480x320x100-00f0w010c011r110f110r010t010.jpeg\" alt=\"\" data-id=\"4413\" data-full-url=\"https:\/\/wurzelkinder-uebersee.de\/wp-content\/uploads\/2019\/12\/IMG_4281.jpeg-nggid042844-ngg0dyn-480x320x100-00f0w010c011r110f110r010t010.jpeg\" data-link=\"https:\/\/wurzelkinder-uebersee.de\/?attachment_id=4413\" class=\"wp-image-4413\" srcset=\"https:\/\/wurzelkinder-uebersee.de\/wp-content\/uploads\/2019\/12\/IMG_4281.jpeg-nggid042844-ngg0dyn-480x320x100-00f0w010c011r110f110r010t010.jpeg 480w, https:\/\/wurzelkinder-uebersee.de\/wp-content\/uploads\/2019\/12\/IMG_4281.jpeg-nggid042844-ngg0dyn-480x320x100-00f0w010c011r110f110r010t010-300x200.jpeg 300w\" sizes=\"(max-width: 480px) 100vw, 480px\" \/><\/a><\/figure><\/li><li class=\"blocks-gallery-item\"><figure><a href=\"https:\/\/wurzelkinder-uebersee.de\/wp-content\/uploads\/2015\/02\/WhatsApp-Image-2019-06-29-at-11.17.40.jpeg\"><img loading=\"lazy\" width=\"1024\" height=\"576\" src=\"https:\/\/wurzelkinder-uebersee.de\/wp-content\/uploads\/2015\/02\/WhatsApp-Image-2019-06-29-at-11.17.40-1024x576.jpeg\" alt=\"\" data-id=\"1246\" data-full-url=\"https:\/\/wurzelkinder-uebersee.de\/wp-content\/uploads\/2015\/02\/WhatsApp-Image-2019-06-29-at-11.17.40.jpeg\" data-link=\"https:\/\/wurzelkinder-uebersee.de\/?attachment_id=1246\" class=\"wp-image-1246\" srcset=\"https:\/\/wurzelkinder-uebersee.de\/wp-content\/uploads\/2015\/02\/WhatsApp-Image-2019-06-29-at-11.17.40-1024x576.jpeg 1024w, https:\/\/wurzelkinder-uebersee.de\/wp-content\/uploads\/2015\/02\/WhatsApp-Image-2019-06-29-at-11.17.40-300x169.jpeg 300w, https:\/\/wurzelkinder-uebersee.de\/wp-content\/uploads\/2015\/02\/WhatsApp-Image-2019-06-29-at-11.17.40-768x432.jpeg 768w, https:\/\/wurzelkinder-uebersee.de\/wp-content\/uploads\/2015\/02\/WhatsApp-Image-2019-06-29-at-11.17.40.jpeg 1376w\" sizes=\"(max-width: 1024px) 100vw, 1024px\" \/><\/a><\/figure><\/li><li class=\"blocks-gallery-item\"><figure><a href=\"https:\/\/wurzelkinder-uebersee.de\/wp-content\/uploads\/2017\/07\/Schifffahrt_20170707.jpg\"><img loading=\"lazy\" width=\"768\" height=\"1024\" src=\"https:\/\/wurzelkinder-uebersee.de\/wp-content\/uploads\/2017\/07\/Schifffahrt_20170707-768x1024.jpg\" alt=\"\" data-id=\"581\" data-full-url=\"https:\/\/wurzelkinder-uebersee.de\/wp-content\/uploads\/2017\/07\/Schifffahrt_20170707.jpg\" data-link=\"https:\/\/wurzelkinder-uebersee.de\/?attachment_id=581\" class=\"wp-image-581\" srcset=\"https:\/\/wurzelkinder-uebersee.de\/wp-content\/uploads\/2017\/07\/Schifffahrt_20170707-768x1024.jpg 768w, https:\/\/wurzelkinder-uebersee.de\/wp-content\/uploads\/2017\/07\/Schifffahrt_20170707-225x300.jpg 225w, https:\/\/wurzelkinder-uebersee.de\/wp-content\/uploads\/2017\/07\/Schifffahrt_20170707.jpg 960w\" sizes=\"(max-width: 768px) 100vw, 768px\" \/><\/a><\/figure><\/li><li class=\"blocks-gallery-item\"><figure><a href=\"https:\/\/wurzelkinder-uebersee.de\/wp-content\/uploads\/2016\/09\/IMG_1362.jpg\"><img loading=\"lazy\" width=\"1024\" height=\"683\" src=\"https:\/\/wurzelkinder-uebersee.de\/wp-content\/uploads\/2016\/09\/IMG_1362-1024x683.jpg\" alt=\"\" data-id=\"374\" data-full-url=\"https:\/\/wurzelkinder-uebersee.de\/wp-content\/uploads\/2016\/09\/IMG_1362.jpg\" data-link=\"https:\/\/wurzelkinder-uebersee.de\/?attachment_id=374\" class=\"wp-image-374\" srcset=\"https:\/\/wurzelkinder-uebersee.de\/wp-content\/uploads\/2016\/09\/IMG_1362-1024x683.jpg 1024w, https:\/\/wurzelkinder-uebersee.de\/wp-content\/uploads\/2016\/09\/IMG_1362-300x200.jpg 300w, https:\/\/wurzelkinder-uebersee.de\/wp-content\/uploads\/2016\/09\/IMG_1362-768x512.jpg 768w\" sizes=\"(max-width: 1024px) 100vw, 1024px\" \/><\/a><\/figure><\/li><li class=\"blocks-gallery-item\"><figure><a href=\"https:\/\/wurzelkinder-uebersee.de\/wp-content\/uploads\/2015\/02\/gelaende.jpg\"><img loading=\"lazy\" width=\"1024\" height=\"840\" src=\"https:\/\/wurzelkinder-uebersee.de\/wp-content\/uploads\/2015\/02\/gelaende-1024x840.jpg\" alt=\"\" data-id=\"130\" data-full-url=\"https:\/\/wurzelkinder-uebersee.de\/wp-content\/uploads\/2015\/02\/gelaende.jpg\" data-link=\"https:\/\/wurzelkinder-uebersee.de\/?attachment_id=130\" class=\"wp-image-130\" srcset=\"https:\/\/wurzelkinder-uebersee.de\/wp-content\/uploads\/2015\/02\/gelaende-1024x840.jpg 1024w, https:\/\/wurzelkinder-uebersee.de\/wp-content\/uploads\/2015\/02\/gelaende-300x246.jpg 300w, https:\/\/wurzelkinder-uebersee.de\/wp-content\/uploads\/2015\/02\/gelaende.jpg 1044w\" sizes=\"(max-width: 1024px) 100vw, 1024px\" \/><\/a><\/figure><\/li><li class=\"blocks-gallery-item\"><figure><a href=\"https:\/\/wurzelkinder-uebersee.de\/wp-content\/uploads\/2015\/05\/Drohne_auf_der_Hand_eines_Wurzelkindes.jpg\"><img loading=\"lazy\" width=\"1024\" height=\"681\" src=\"https:\/\/wurzelkinder-uebersee.de\/wp-content\/uploads\/2015\/05\/Drohne_auf_der_Hand_eines_Wurzelkindes-1024x681.jpg\" alt=\"\" data-id=\"165\" data-full-url=\"https:\/\/wurzelkinder-uebersee.de\/wp-content\/uploads\/2015\/05\/Drohne_auf_der_Hand_eines_Wurzelkindes.jpg\" data-link=\"https:\/\/wurzelkinder-uebersee.de\/?attachment_id=165\" class=\"wp-image-165\" srcset=\"https:\/\/wurzelkinder-uebersee.de\/wp-content\/uploads\/2015\/05\/Drohne_auf_der_Hand_eines_Wurzelkindes.jpg 1024w, https:\/\/wurzelkinder-uebersee.de\/wp-content\/uploads\/2015\/05\/Drohne_auf_der_Hand_eines_Wurzelkindes-300x200.jpg 300w\" sizes=\"(max-width: 1024px) 100vw, 1024px\" \/><\/a><\/figure><\/li><li class=\"blocks-gallery-item\"><figure><a href=\"https:\/\/wurzelkinder-uebersee.de\/wp-content\/uploads\/2015\/02\/wp_back02.jpg\"><img loading=\"lazy\" width=\"1024\" height=\"683\" src=\"https:\/\/wurzelkinder-uebersee.de\/wp-content\/uploads\/2015\/02\/wp_back02-1024x683.jpg\" alt=\"\" data-id=\"7\" data-full-url=\"https:\/\/wurzelkinder-uebersee.de\/wp-content\/uploads\/2015\/02\/wp_back02.jpg\" data-link=\"https:\/\/wurzelkinder-uebersee.de\/?attachment_id=7\" class=\"wp-image-7\" srcset=\"https:\/\/wurzelkinder-uebersee.de\/wp-content\/uploads\/2015\/02\/wp_back02-1024x683.jpg 1024w, https:\/\/wurzelkinder-uebersee.de\/wp-content\/uploads\/2015\/02\/wp_back02-300x200.jpg 300w, https:\/\/wurzelkinder-uebersee.de\/wp-content\/uploads\/2015\/02\/wp_back02.jpg 1950w\" sizes=\"(max-width: 1024px) 100vw, 1024px\" \/><\/a><\/figure><\/li><\/ul><\/figure>\n","protected":false},"excerpt":{"rendered":"<p>Das Kindergartengel\u00e4nde umfasst 12 ha Wald am Westerbuchberg in \u00dcbersee. BringplatzParkplatz Wessener Stra\u00dfe 17(gegen\u00fcber des Hauses Wessener Stra\u00dfe 14), 83236 \u00dcbersee SchutzraumSportheim des TSV \u00dcberseeKramerstra\u00dfe 8, 83236 \u00dcbersee Erfahrungsgem\u00e4\u00df wird der Schutzraum an nicht mehr wie 5 Tagen pro Jahr ben\u00f6tigt. Pl\u00e4tze im Wald X-Gloo &#8211; Bring- &amp; Abholplatz H\u00fctterl &#8211; sonniger Hang mit sch\u00f6ner &hellip; <a href=\"https:\/\/wurzelkinder-uebersee.de\/?p=93\" class=\"more-link\"><span class=\"screen-reader-text\">Unser Gel\u00e4nde<\/span> weiterlesen<\/a><\/p>\n","protected":false},"author":1,"featured_media":760,"comment_status":"closed","ping_status":"closed","sticky":false,"template":"","format":"standard","meta":{"ngg_post_thumbnail":0},"categories":[50],"tags":[],"_links":{"self":[{"href":"https:\/\/wurzelkinder-uebersee.de\/index.php?rest_route=\/wp\/v2\/posts\/93"}],"collection":[{"href":"https:\/\/wurzelkinder-uebersee.de\/index.php?rest_route=\/wp\/v2\/posts"}],"about":[{"href":"https:\/\/wurzelkinder-uebersee.de\/index.php?rest_route=\/wp\/v2\/types\/post"}],"author":[{"embeddable":true,"href":"https:\/\/wurzelkinder-uebersee.de\/index.php?rest_route=\/wp\/v2\/users\/1"}],"replies":[{"embeddable":true,"href":"https:\/\/wurzelkinder-uebersee.de\/index.php?rest_route=%2Fwp%2Fv2%2Fcomments&post=93"}],"version-history":[{"count":20,"href":"https:\/\/wurzelkinder-uebersee.de\/index.php?rest_route=\/wp\/v2\/posts\/93\/revisions"}],"predecessor-version":[{"id":6303,"href":"https:\/\/wurzelkinder-uebersee.de\/index.php?rest_route=\/wp\/v2\/posts\/93\/revisions\/6303"}],"wp:featuredmedia":[{"embeddable":true,"href":"https:\/\/wurzelkinder-uebersee.de\/index.php?rest_route=\/wp\/v2\/media\/760"}],"wp:attachment":[{"href":"https:\/\/wurzelkinder-uebersee.de\/index.php?rest_route=%2Fwp%2Fv2%2Fmedia&parent=93"}],"wp:term":[{"taxonomy":"category","embeddable":true,"href":"https:\/\/wurzelkinder-uebersee.de\/index.php?rest_route=%2Fwp%2Fv2%2Fcategories&post=93"},{"taxonomy":"post_tag","embeddable":true,"href":"https:\/\/wurzelkinder-uebersee.de\/index.php?rest_route=%2Fwp%2Fv2%2Ftags&post=93"}],"curies":[{"name":"wp","href":"https:\/\/api.w.org\/{rel}","templated":true}]}}