{"id":944,"date":"2018-06-22T17:10:36","date_gmt":"2018-06-22T15:10:36","guid":{"rendered":"https:\/\/wurzelkinder-uebersee.de\/?p=944"},"modified":"2022-09-26T22:31:03","modified_gmt":"2022-09-26T20:31:03","slug":"gesundheitspolizei-des-waldes-ist-zurueckgekehrt","status":"publish","type":"post","link":"https:\/\/wurzelkinder-uebersee.de\/?p=944","title":{"rendered":"Gesundheitspolizei des Waldes ist zur\u00fcckgekehrt"},"content":{"rendered":"<p>Auf dem Gel\u00e4nde des Waldkindergartens am Westerbuchberg haben sich nach Jahren erstmals wieder Waldameisen angesiedelt. Im September 2017 haben die Wurzelkinder am Schwammerlplatz den ersten kleinen Ameisenh\u00fcgel entdeckt, im Fr\u00fchjahr 2018 dann auch am Sonnenplatz. Dies sind die beiden am h\u00e4ufigsten benutzten Pl\u00e4tze des Waldkindergartens. Am Schwammerlplatz nutzen die Ameisen eine Br\u00fccke, die von uns zur \u00dcberquerung eines kleinen Grabens gebaut wurde, als Ger\u00fcst f\u00fcr ihren H\u00fcgel. Seitdem gehen die Kinder au\u00dfenrum&#8230; Am Sonnenplatz haben sich die Ameisen genau den H\u00e4nde-Wasch-Baumstumpf des Kindergartens als Revier ausgesucht. Auch hier sind wir flexibel.<\/p>\n<p>Dies ist eine erstaunliche Entwicklung, da zum Start des Waldkindergartens im Jahr 2014 gar keine Ameisen auf dem Gel\u00e4nde zu entdecken waren. Um diese positive Entwicklung zu unterst\u00fctzen, hat der Kindergarten rund um die Ameisenh\u00fcgel &#8220;Schutzzonen&#8221; errichtet. Das bedeutet, dass direkt bei den Ameisenh\u00fcgeln keine Spielbereiche mehr sind damit sich die Ameisen ungest\u00f6rt entwickeln und weiter verbreiten k\u00f6nnen.&nbsp;Nat\u00fcrlich d\u00fcrfen die Kinder die Insekten mit Abstand beobachten, was sie auch interessiert tun. Wenn Fragen aufkommen, wird das Thema immer wieder im p\u00e4dagogischen Alltag aufgegriffen und zum Beispiel anhand des Bilderbuchs &#8220;Wie leben die kleinen Waldameisen?&#8221;, veranschaulicht.<\/p>\n<p><strong>Warum Ameisen so wichtig sind<\/strong><\/p>\n<p>Waldameisen halten den Wald gesund, indem sie den Boden durchl\u00fcften, Pflanzensamen verbreiten und viele Abf\u00e4lle verwerten. Ein Ameisenstaat ist gut organisiert, denn jede Ameise hat eine bestimmte Aufgabe. Im \u00d6kosystem Wald sind Ameisen ein wichtiger Baustein: Sie sind selbst R\u00e4uber, dienen aber f\u00fcr Spinnen, Igel, M\u00e4use, Reptilien und Amphibien des Waldes auch als wertvolle Nahrung. Die Beutetiere der Ameisen sind vor allem andere Insekten &#8211; auch solche, die B\u00e4ume sch\u00e4digen k\u00f6nnen. Dadurch sch\u00fctzen Ameisen die B\u00e4ume und sorgen daf\u00fcr,&nbsp;dass der Wald gesund bleibt. Tote Insekten werden von ihnen ins Nest transportiert und an die Brut verf\u00fcttert. Ameisen werden deshalb auch die &#8220;Gesundheitspolizei&#8221; des Waldes genannt. Weil sich oft mehrere Ameisen am Transport der Beutetiere beteiligen, k\u00f6nnen sie auch Tiere \u00fcberw\u00e4ltigen, die viel gr\u00f6\u00dfer sind als sie selbst.<\/p>\n<p>Zudem verbessern Ameisen den Waldboden: Sie sorgen daf\u00fcr, dass liegende Holzst\u00e4mme oder Baumst\u00fcmpfe schneller verrotten und wieder zu wertvoller Erde werden. Au\u00dferdem tragen sie durch den Neubau oder Umbau ihrer Nester dazu bei, dass der Waldboden durchmischt und durchl\u00fcftet wird. Pflanzen k\u00f6nnen dadurch besser wachsen. Zu guter Letzt gibt es Waldblumen, deren Samen nur durch Ameisen verbreitet werden, indem die Arbeiterinnen diese als Abfall aus dem Nest bringen und auf diese Weise in der Umgebung verteilen.<\/p>\n<p>Wir freuen uns \u00fcber die Ansiedelung der Ameisen am Westerbuchberg und werden sie weiter sch\u00fctzen.<\/p>\n<div id='gallery-1' class='gallery galleryid-944 gallery-columns-3 gallery-size-thumbnail'><figure class='gallery-item'>\n\t\t\t<div class='gallery-icon portrait'>\n\t\t\t\t<a href='https:\/\/wurzelkinder-uebersee.de\/?attachment_id=946'><img width=\"150\" height=\"150\" src=\"https:\/\/wurzelkinder-uebersee.de\/wp-content\/uploads\/2018\/06\/Ameisenh\u00fcgel_Br\u00fccke-150x150.jpg\" class=\"attachment-thumbnail size-thumbnail\" alt=\"\" loading=\"lazy\" \/><\/a>\n\t\t\t<\/div><\/figure><figure class='gallery-item'>\n\t\t\t<div class='gallery-icon portrait'>\n\t\t\t\t<a href='https:\/\/wurzelkinder-uebersee.de\/?attachment_id=945'><img width=\"150\" height=\"150\" src=\"https:\/\/wurzelkinder-uebersee.de\/wp-content\/uploads\/2018\/06\/Waldameise_Westerbuchberg-150x150.jpg\" class=\"attachment-thumbnail size-thumbnail\" alt=\"\" loading=\"lazy\" \/><\/a>\n\t\t\t<\/div><\/figure>\n\t\t<\/div>\n\n","protected":false},"excerpt":{"rendered":"<p>Auf dem Gel\u00e4nde des Waldkindergartens am Westerbuchberg haben sich nach Jahren erstmals wieder Waldameisen angesiedelt. Im September 2017 haben die Wurzelkinder am Schwammerlplatz den ersten kleinen Ameisenh\u00fcgel entdeckt, im Fr\u00fchjahr 2018 dann auch am Sonnenplatz. Dies sind die beiden am h\u00e4ufigsten benutzten Pl\u00e4tze des Waldkindergartens. Am Schwammerlplatz nutzen die Ameisen eine Br\u00fccke, die von uns &hellip; <a href=\"https:\/\/wurzelkinder-uebersee.de\/?p=944\" class=\"more-link\"><span class=\"screen-reader-text\">Gesundheitspolizei des Waldes ist zur\u00fcckgekehrt<\/span> weiterlesen<\/a><\/p>\n","protected":false},"author":3,"featured_media":945,"comment_status":"closed","ping_status":"closed","sticky":false,"template":"","format":"standard","meta":{"ngg_post_thumbnail":0},"categories":[4],"tags":[],"_links":{"self":[{"href":"https:\/\/wurzelkinder-uebersee.de\/index.php?rest_route=\/wp\/v2\/posts\/944"}],"collection":[{"href":"https:\/\/wurzelkinder-uebersee.de\/index.php?rest_route=\/wp\/v2\/posts"}],"about":[{"href":"https:\/\/wurzelkinder-uebersee.de\/index.php?rest_route=\/wp\/v2\/types\/post"}],"author":[{"embeddable":true,"href":"https:\/\/wurzelkinder-uebersee.de\/index.php?rest_route=\/wp\/v2\/users\/3"}],"replies":[{"embeddable":true,"href":"https:\/\/wurzelkinder-uebersee.de\/index.php?rest_route=%2Fwp%2Fv2%2Fcomments&post=944"}],"version-history":[{"count":3,"href":"https:\/\/wurzelkinder-uebersee.de\/index.php?rest_route=\/wp\/v2\/posts\/944\/revisions"}],"predecessor-version":[{"id":6290,"href":"https:\/\/wurzelkinder-uebersee.de\/index.php?rest_route=\/wp\/v2\/posts\/944\/revisions\/6290"}],"wp:featuredmedia":[{"embeddable":true,"href":"https:\/\/wurzelkinder-uebersee.de\/index.php?rest_route=\/wp\/v2\/media\/945"}],"wp:attachment":[{"href":"https:\/\/wurzelkinder-uebersee.de\/index.php?rest_route=%2Fwp%2Fv2%2Fmedia&parent=944"}],"wp:term":[{"taxonomy":"category","embeddable":true,"href":"https:\/\/wurzelkinder-uebersee.de\/index.php?rest_route=%2Fwp%2Fv2%2Fcategories&post=944"},{"taxonomy":"post_tag","embeddable":true,"href":"https:\/\/wurzelkinder-uebersee.de\/index.php?rest_route=%2Fwp%2Fv2%2Ftags&post=944"}],"curies":[{"name":"wp","href":"https:\/\/api.w.org\/{rel}","templated":true}]}}